{"id":9703,"date":"2019-03-01T00:00:22","date_gmt":"2019-02-28T22:00:22","guid":{"rendered":"http:\/\/chronik.blackblogs.org\/?p=9703"},"modified":"2019-03-01T00:00:22","modified_gmt":"2019-02-28T22:00:22","slug":"farbe-gegen-bueros-von-cdu-und-gruenen","status":"publish","type":"post","link":"https:\/\/chronik.noblogs.org\/?p=9703","title":{"rendered":"Farbe gegen B\u00fcros von CDU und Gr\u00fcnen"},"content":{"rendered":"<p><strong><a href=\"https:\/\/chronik.blackblogs.org\/wp-content\/uploads\/sites\/109\/2019\/03\/gruen.jpg\"><img loading=\"lazy\" decoding=\"async\" class=\"alignright size-medium wp-image-9704\" src=\"https:\/\/chronik.blackblogs.org\/wp-content\/uploads\/sites\/109\/2019\/03\/gruen-300x150.jpg\" alt=\"\" width=\"300\" height=\"150\"><\/a>Halle (Saale)<\/strong>, 1. M\u00e4rz 2019<\/p>\n<blockquote><p>Auf das Wahlkreisb\u00fcro des Landtagsabgeordneten Wolfgang Aldag (Gr\u00fcne) in der Ludwig-Wucherer-Stra\u00dfe und auf die CDU-Kreisgesch\u00e4ftsstelle in der Ulestra\u00dfe sind in der Nacht zum Freitag Farbanschl\u00e4ge ver\u00fcbt worden. Auf Schaufenster und Eingangst\u00fcr des \u201eGr\u00fcn.Lokals\u201c schmierten Unbekannte die Botschaft \u201eOury Jalloh, das war Mord\u201c.<\/p>\n<p>F\u00fcr Freitagnachmittag ist am Steintor eine Demo angemeldet, die an den Tod des Asylbewerbers in einer Dessauer Gef\u00e4ngniszelle im Jahr 2005 erinnern soll. Der Anschlag auf das Wahlkreisb\u00fcro k\u00f6nnte im Zusammenhang mit der Landtagssitzung am Donnerstag stehen.<!--more--> Die Linke wollte einen Untersuchungsausschuss zur Aufkl\u00e4rung der nach wie vor offenen Umst\u00e4nde von Jallohs Tod auf den Weg bringen, fanden daf\u00fcr aber keine Mehrheit. Die Gr\u00fcnen enthielten sich.<\/p>\n<p>Ob es auch einen Zusammenhang mit der Attacke auf die CDU-Kreisgesch\u00e4ftsstelle gibt, ist offen. T\u00e4ter hatten das Objekt mit mehreren mit Farbe gef\u00fcllten Weihnachtsbaumkugeln angegriffen.<\/p><\/blockquote>\n<p><strong>Quelle<\/strong>: <a href=\"https:\/\/www.mz-web.de\/halle-saale\/-oury-jalloh--das-war-mord--farbanschlaege-auf-bueros-von-cdu-und-gruenen-32127564\">Mitteldeutsche Zeitung<\/a><\/p>\n","protected":false},"excerpt":{"rendered":"<p>Halle (Saale), 1. M\u00e4rz 2019 Auf das Wahlkreisb\u00fcro des Landtagsabgeordneten Wolfgang Aldag (Gr\u00fcne) in der Ludwig-Wucherer-Stra\u00dfe und auf die CDU-Kreisgesch\u00e4ftsstelle in der Ulestra\u00dfe sind in der Nacht zum Freitag Farbanschl\u00e4ge ver\u00fcbt worden. Auf Schaufenster und Eingangst\u00fcr des \u201eGr\u00fcn.Lokals\u201c schmierten Unbekannte die Botschaft \u201eOury Jalloh, das war Mord\u201c. F\u00fcr Freitagnachmittag ist am Steintor eine Demo angemeldet, [&hellip;]<\/p>\n","protected":false},"author":12080,"featured_media":0,"comment_status":"closed","ping_status":"closed","sticky":false,"template":"","format":"standard","meta":{"footnotes":""},"categories":[2],"tags":[85],"class_list":["post-9703","post","type-post","status-publish","format-standard","hentry","category-de","tag-halle"],"_links":{"self":[{"href":"https:\/\/chronik.noblogs.org\/index.php?rest_route=\/wp\/v2\/posts\/9703","targetHints":{"allow":["GET"]}}],"collection":[{"href":"https:\/\/chronik.noblogs.org\/index.php?rest_route=\/wp\/v2\/posts"}],"about":[{"href":"https:\/\/chronik.noblogs.org\/index.php?rest_route=\/wp\/v2\/types\/post"}],"author":[{"embeddable":true,"href":"https:\/\/chronik.noblogs.org\/index.php?rest_route=\/wp\/v2\/users\/12080"}],"replies":[{"embeddable":true,"href":"https:\/\/chronik.noblogs.org\/index.php?rest_route=%2Fwp%2Fv2%2Fcomments&post=9703"}],"version-history":[{"count":0,"href":"https:\/\/chronik.noblogs.org\/index.php?rest_route=\/wp\/v2\/posts\/9703\/revisions"}],"wp:attachment":[{"href":"https:\/\/chronik.noblogs.org\/index.php?rest_route=%2Fwp%2Fv2%2Fmedia&parent=9703"}],"wp:term":[{"taxonomy":"category","embeddable":true,"href":"https:\/\/chronik.noblogs.org\/index.php?rest_route=%2Fwp%2Fv2%2Fcategories&post=9703"},{"taxonomy":"post_tag","embeddable":true,"href":"https:\/\/chronik.noblogs.org\/index.php?rest_route=%2Fwp%2Fv2%2Ftags&post=9703"}],"curies":[{"name":"wp","href":"https:\/\/api.w.org\/{rel}","templated":true}]}}