{"id":9677,"date":"2019-02-26T00:00:10","date_gmt":"2019-02-25T22:00:10","guid":{"rendered":"http:\/\/chronik.blackblogs.org\/?p=9677"},"modified":"2019-02-26T00:00:10","modified_gmt":"2019-02-25T22:00:10","slug":"parole-und-plakate-an-kik-filiale","status":"publish","type":"post","link":"https:\/\/chronik.noblogs.org\/?p=9677","title":{"rendered":"Parole und Plakate an Kik-Filiale"},"content":{"rendered":"<p><strong><a href=\"https:\/\/chronik.blackblogs.org\/wp-content\/uploads\/sites\/109\/2019\/03\/37394.jpg\"><img loading=\"lazy\" decoding=\"async\" class=\"alignright size-medium wp-image-9678\" src=\"https:\/\/chronik.blackblogs.org\/wp-content\/uploads\/sites\/109\/2019\/03\/37394-300x192.jpg\" alt=\"\" width=\"300\" height=\"192\"><\/a>Stuttgart<\/strong>, Februar 2019<\/p>\n<blockquote><p>Der Prozess des pakistanischen Fabrikbrandes 2012, indem \u201eKIK\u201c ein gro\u00dfer Abnehmer war, wurde nach pakistanischen Recht als verj\u00e4hrt eingestellt.<\/p>\n<p>Dies nahmen wir zum Anlass um die \u201eKIK\u201c Filiale in Stuttgart zu markieren.<\/p>\n<p>&#8220;Ein brennender Raum. Es wird hei\u00df, du f\u00e4ngst an zu husten und suchst nach einem Ausweg. Die G\u00e4nge sind dunkel, ein Gitter versperrt die Flucht \u00fcber die Fenster. Die T\u00fcren sind abgeschlossen \u2013 die Situation ist ausweglos.&#8221;<!--more--><br \/>\nDieses Flammeninferno war 2012 Realit\u00e4t f\u00fcr ArbeiterInnen einer f\u00fcr KIK produzierenden Textilfirma in Pakistan, bei dem 258 Menschen starben.<\/p>\n<p>Katastrophen wie diese sind kein Einzelfall:<br \/>\nIn Bangladesch st\u00fcrzte Geb\u00e4ude ein, 1135 Menschen sind damals ums Leben gekommen und ganz aktuell brannte im Februar 2019 eine weitere Textilfabrik.<br \/>\nImmer wieder m\u00fcssen ArbeiterInnen ihr Leben lassen, da Textilkonzerne wie KIK oder H&amp;M billig im Ausland produzieren. ArbeiterInnen die in solchen Fabriken Kleidung herstellen werden einer st\u00e4ndigen Gefahr ausgesetzt und systematisch ausgebeutet. Zwangs- und Kinderarbeit, Hungerl\u00f6hne und katastrophale Arbeitsbedingungen f\u00fcr die einen, Profit f\u00fcr die anderen.<\/p>\n<p>Wer allerdings glaubt, reines appellieren an die Vernunft w\u00fcrde die Konzerne von ihrer Arbeitsweise abhalten der unterliegt einem fatalen Denkfehler. Denn dass es soweit kommt, h\u00e4ngt nicht zuletzt mit der Art und Weise zusammen, wie im Kapitalismus produziert wird.<\/p>\n<p>Von der Ausbeutung des Kapitalismus sind insbesondere lohnabh\u00e4ngige Frauen betroffen. Denn es sind haupts\u00e4chlich Frauen, die an den N\u00e4hmaschinen in Pakistan sitzen, sie sind es die mehrere Jobs ben\u00f6tigen um ihren Lebensunterhalt zu finanzieren und es sind Frauen die unter der st\u00e4ndigen Doppelbelastung von Reproduktionsarbeit und Lohnabh\u00e4ngigkeit stehen.<\/p>\n<p>Weltweit lehnen sich Frauen gegen diese kapitalistische Ausbeutung und Unterdr\u00fcckung auf. So zeigten uns 2018 Frauen aus Spanien und Indien welche Kraft ein Frauenstreik mit sich bringt und sogar ein ganzes Land still legen kann.<br \/>\nNehmen wir uns die internationalen Frauenk\u00e4mpfe als Vorbild f\u00fcr uns alle um am 8.M\u00e4rz f\u00fcr unsere Forderungen zu demonstrieren und f\u00fcr die Befreiung der Frauen zu k\u00e4mpfen. Denn ohne eine \u00dcberwindung dieses kapitalistischen Systems wird auch keine Frau befreit sein.<\/p>\n<p>Frauenkampf hei\u00dft Klassenkampf &#8211; Am 8.M\u00e4rz auf die Stra\u00dfe!<\/p><\/blockquote>\n<p><strong>Quelle<\/strong>: <a href=\"http:\/\/4sy6ebszykvcv2n6.onion\/node\/29376\">Indymedia<\/a> (Tor)<\/p>\n","protected":false},"excerpt":{"rendered":"<p>Stuttgart, Februar 2019 Der Prozess des pakistanischen Fabrikbrandes 2012, indem \u201eKIK\u201c ein gro\u00dfer Abnehmer war, wurde nach pakistanischen Recht als verj\u00e4hrt eingestellt. Dies nahmen wir zum Anlass um die \u201eKIK\u201c Filiale in Stuttgart zu markieren. &#8220;Ein brennender Raum. Es wird hei\u00df, du f\u00e4ngst an zu husten und suchst nach einem Ausweg. Die G\u00e4nge sind dunkel, [&hellip;]<\/p>\n","protected":false},"author":12080,"featured_media":0,"comment_status":"closed","ping_status":"closed","sticky":false,"template":"","format":"standard","meta":{"footnotes":""},"categories":[2],"tags":[194],"class_list":["post-9677","post","type-post","status-publish","format-standard","hentry","category-de","tag-stuttgart"],"_links":{"self":[{"href":"https:\/\/chronik.noblogs.org\/index.php?rest_route=\/wp\/v2\/posts\/9677","targetHints":{"allow":["GET"]}}],"collection":[{"href":"https:\/\/chronik.noblogs.org\/index.php?rest_route=\/wp\/v2\/posts"}],"about":[{"href":"https:\/\/chronik.noblogs.org\/index.php?rest_route=\/wp\/v2\/types\/post"}],"author":[{"embeddable":true,"href":"https:\/\/chronik.noblogs.org\/index.php?rest_route=\/wp\/v2\/users\/12080"}],"replies":[{"embeddable":true,"href":"https:\/\/chronik.noblogs.org\/index.php?rest_route=%2Fwp%2Fv2%2Fcomments&post=9677"}],"version-history":[{"count":0,"href":"https:\/\/chronik.noblogs.org\/index.php?rest_route=\/wp\/v2\/posts\/9677\/revisions"}],"wp:attachment":[{"href":"https:\/\/chronik.noblogs.org\/index.php?rest_route=%2Fwp%2Fv2%2Fmedia&parent=9677"}],"wp:term":[{"taxonomy":"category","embeddable":true,"href":"https:\/\/chronik.noblogs.org\/index.php?rest_route=%2Fwp%2Fv2%2Fcategories&post=9677"},{"taxonomy":"post_tag","embeddable":true,"href":"https:\/\/chronik.noblogs.org\/index.php?rest_route=%2Fwp%2Fv2%2Ftags&post=9677"}],"curies":[{"name":"wp","href":"https:\/\/api.w.org\/{rel}","templated":true}]}}