{"id":9590,"date":"2019-01-26T00:00:48","date_gmt":"2019-01-25T22:00:48","guid":{"rendered":"http:\/\/chronik.blackblogs.org\/?p=9590"},"modified":"2019-01-26T00:00:48","modified_gmt":"2019-01-25T22:00:48","slug":"auto-mit-afd-wahlwerbung-angezuendet","status":"publish","type":"post","link":"https:\/\/chronik.noblogs.org\/?p=9590","title":{"rendered":"Auto mit AfD-Wahlwerbung angez\u00fcndet"},"content":{"rendered":"<p><strong><a href=\"https:\/\/chronik.blackblogs.org\/wp-content\/uploads\/sites\/109\/2019\/02\/afdle.jpg\"><img loading=\"lazy\" decoding=\"async\" class=\"alignright size-medium wp-image-9592\" src=\"https:\/\/chronik.blackblogs.org\/wp-content\/uploads\/sites\/109\/2019\/02\/afdle-300x177.jpg\" alt=\"\" width=\"300\" height=\"177\"><\/a>Leipzig<\/strong>, 26. Januar 2019<\/p>\n<blockquote><p>In Leipzig ist am sp\u00e4ten Samstagabend (26.01.2019) ein Auto in Brand geraten. Wie die Polizei am Sonntag mitteilte, hatten Zeugen das brennende Fahrzeug um 23.18 Uhr im Stadtteil Schleu\u00dfig entdeckt und die Feuerwehr alarmiert.<\/p>\n<p>Der Mercedes hatte demnach im vorderen Bereich Feuer gefangen. Noch bevor die Einsatzkr\u00e4fte vor Ort waren, hatten die Zeugen die Flammen gel\u00f6scht. Das Auto war mit Werbung f\u00fcr die AfD beklebt.<br \/>\n<!--more--><br \/>\nWeil ein politisch motivierter Hintergrund nicht ausgeschlossen werden k\u00f6nne, habe der Staatsschutz die Ermittlungen aufgenommen, hie\u00df es von der Polizei. Die H\u00f6he des Schadens ist noch nicht beziffert.<\/p><\/blockquote>\n<p><strong>Quelle<\/strong>: <a href=\"https:\/\/loslegen.blackblogs.org\/2019\/02\/03\/leipzig-auto-mit-afd-werbung-brennt\/\">loslegen.blackblogs.org<\/a><\/p>\n","protected":false},"excerpt":{"rendered":"<p>Leipzig, 26. Januar 2019 In Leipzig ist am sp\u00e4ten Samstagabend (26.01.2019) ein Auto in Brand geraten. Wie die Polizei am Sonntag mitteilte, hatten Zeugen das brennende Fahrzeug um 23.18 Uhr im Stadtteil Schleu\u00dfig entdeckt und die Feuerwehr alarmiert. Der Mercedes hatte demnach im vorderen Bereich Feuer gefangen. Noch bevor die Einsatzkr\u00e4fte vor Ort waren, hatten [&hellip;]<\/p>\n","protected":false},"author":12080,"featured_media":0,"comment_status":"closed","ping_status":"closed","sticky":false,"template":"","format":"standard","meta":{"footnotes":""},"categories":[2],"tags":[124],"class_list":["post-9590","post","type-post","status-publish","format-standard","hentry","category-de","tag-leipzig"],"_links":{"self":[{"href":"https:\/\/chronik.noblogs.org\/index.php?rest_route=\/wp\/v2\/posts\/9590","targetHints":{"allow":["GET"]}}],"collection":[{"href":"https:\/\/chronik.noblogs.org\/index.php?rest_route=\/wp\/v2\/posts"}],"about":[{"href":"https:\/\/chronik.noblogs.org\/index.php?rest_route=\/wp\/v2\/types\/post"}],"author":[{"embeddable":true,"href":"https:\/\/chronik.noblogs.org\/index.php?rest_route=\/wp\/v2\/users\/12080"}],"replies":[{"embeddable":true,"href":"https:\/\/chronik.noblogs.org\/index.php?rest_route=%2Fwp%2Fv2%2Fcomments&post=9590"}],"version-history":[{"count":0,"href":"https:\/\/chronik.noblogs.org\/index.php?rest_route=\/wp\/v2\/posts\/9590\/revisions"}],"wp:attachment":[{"href":"https:\/\/chronik.noblogs.org\/index.php?rest_route=%2Fwp%2Fv2%2Fmedia&parent=9590"}],"wp:term":[{"taxonomy":"category","embeddable":true,"href":"https:\/\/chronik.noblogs.org\/index.php?rest_route=%2Fwp%2Fv2%2Fcategories&post=9590"},{"taxonomy":"post_tag","embeddable":true,"href":"https:\/\/chronik.noblogs.org\/index.php?rest_route=%2Fwp%2Fv2%2Ftags&post=9590"}],"curies":[{"name":"wp","href":"https:\/\/api.w.org\/{rel}","templated":true}]}}