{"id":9511,"date":"2019-02-01T00:00:35","date_gmt":"2019-01-31T22:00:35","guid":{"rendered":"http:\/\/chronik.blackblogs.org\/?p=9511"},"modified":"2019-02-01T00:00:35","modified_gmt":"2019-01-31T22:00:35","slug":"farbe-gegen-isbank","status":"publish","type":"post","link":"https:\/\/chronik.noblogs.org\/?p=9511","title":{"rendered":"Farbe gegen \u0130\u015fbank"},"content":{"rendered":"<p><strong><a href=\"https:\/\/chronik.blackblogs.org\/wp-content\/uploads\/sites\/109\/2019\/02\/36834.jpg\"><img loading=\"lazy\" decoding=\"async\" class=\"alignright size-medium wp-image-9512\" src=\"https:\/\/chronik.blackblogs.org\/wp-content\/uploads\/sites\/109\/2019\/02\/36834-300x225.jpg\" alt=\"\" width=\"300\" height=\"225\"><\/a>Berlin<\/strong>, 1. Februar 2019<\/p>\n<blockquote><p>In Anbetracht der aktuellen Bedrohungslage gegen die kurdische Freiheitsbewegung und den andauernden Hungerstreiks wollen wir ein weiteres Zeichen setzen.<\/p>\n<p>Es ist leider nicht mehr die Frage ob, sondern wann die T\u00fcrkei mit dem Einmarsch beginnt.<\/p>\n<p>Zwar unterst\u00fctzen und finanzieren verb\u00fcndete Gro\u00dfm\u00e4chte die T\u00fcrkischen Vernichtungskriege, es ist jedoch t\u00fcrkisches Kapital, dass am meisten dazu beisteuert. Also hat es diese Nacht eine weddinger Filiale der gr\u00f6\u00dften t\u00fcrkischen Staatsbank getroffen.<!--more--> T\u00fcrkiye \u0130\u015f Bankas\u0131, eine Aktiengesellschaft, geh\u00f6rt zu den zehn umsatzst\u00e4rksten t\u00fcrkischen Unternehmen, und ist somit direkt beteiligt am finanzieren der Misere.<\/p>\n<p>Wenn das T\u00fcrkische Milit\u00e4r marschiert und Bomben auf die K\u00f6pfe unserer Freund_innen fallen l\u00e4sst, macht sie das nicht ohne Absprache mit ihren Verb\u00fcndeten der Nato. Es sind genau jene Nato-Partner, die der T\u00fcrkei die Leopard-II-Panzer liefern, die durch die D\u00f6rfer rollen und die F16-Kampfjets schicken, welche die Bomben werfen. Bomben die, wie bei Sehid Sahin aus Island nicht mal einen K\u00f6rper zur\u00fccklassen der beerdigt werden kann. Deshalb ist es unabdinglich, gegen die Natom\u00e4chte hier Widerstand zu leisten um die Kriegsmaschinerie auch hier zu stoppen. Denn es liegt auch an der st\u00e4rke des Widerstand den wir hier gegen die Milit\u00e4rverb\u00fcndeten organisieren, wie sich der Verlauf des Krieges gestalten wird. Deshalb:<br \/>\n*Die geforderte Flugverbotszone durchsetzen, weitere Gr\u00e4ultaten vermindern!*<\/p>\n<p>Nicht nur das t\u00fcrkische Kapital finanziert Angriffskriege, es sind auch deutsche Panzer, finanziert von deutschen Banken mit vollster Unterst\u00fctzung der deutschen Regierung, die in Rojava morden. Deshalb:<br \/>\n*R\u00fcstungskonzerne blockieren und angreifen!*<\/p>\n<p>Die Repression gegen emanzipatorische und kurdische Strukturen geh\u00f6rt schon lange zum Alltag, aber die Zusammenarbeit der deutschen und t\u00fcrkischen Beh\u00f6rden und Geheimdienste scheint immer enger zu werden. Seien es 129a\/b-Ermittlungen, von denen einige zwar eingestellt wurden, es aber immer noch laufende Prozesse und Menschen im Knast gibt. Seien es die zahllosen Verfahren wegen dem Zeigen &#8220;Verbotener Symbole&#8221; oder andere Einsch\u00fcchterungsversuche wie offene Observationen. Sie wissen, dass sie uns am h\u00e4rtesten treffen wenn wir vereinzelt dastehen. Deshalb:<br \/>\n*Der Repression gegen internationalistische Strukturen solidarisch und k\u00e4mpferisch entgegentreten!*<\/p>\n<p>Diese Aktion war zwar nur ein kleines Zeichen, aber eines das zeigt, dass wir im Herzen bei euch unseren Freund_innen sind, um gegen die Unterdr\u00fcckung zu k\u00e4mpfen.<\/p>\n<p>Ob mit der Waffe in der Hand, beim Aufbau der Revolution\u00e4ren Kommunen oder durch kreativen Protest: die feministische Revolution in Rojava verteidigen!<\/p>\n<p>F\u00fcr ein Leben in Freiheit!<\/p>\n<p>Biji berxwedana Rojava!<\/p>\n<p>Einige Anarchist_innen<\/p><\/blockquote>\n<p><strong>Quelle<\/strong>: <a href=\"http:\/\/4sy6ebszykvcv2n6.onion\/node\/28741\">Indymedia<\/a> (Tor)<\/p>\n","protected":false},"excerpt":{"rendered":"<p>Berlin, 1. Februar 2019 In Anbetracht der aktuellen Bedrohungslage gegen die kurdische Freiheitsbewegung und den andauernden Hungerstreiks wollen wir ein weiteres Zeichen setzen. Es ist leider nicht mehr die Frage ob, sondern wann die T\u00fcrkei mit dem Einmarsch beginnt. Zwar unterst\u00fctzen und finanzieren verb\u00fcndete Gro\u00dfm\u00e4chte die T\u00fcrkischen Vernichtungskriege, es ist jedoch t\u00fcrkisches Kapital, dass am [&hellip;]<\/p>\n","protected":false},"author":12080,"featured_media":0,"comment_status":"closed","ping_status":"closed","sticky":false,"template":"","format":"standard","meta":{"footnotes":""},"categories":[2],"tags":[24],"class_list":["post-9511","post","type-post","status-publish","format-standard","hentry","category-de","tag-berlin"],"_links":{"self":[{"href":"https:\/\/chronik.noblogs.org\/index.php?rest_route=\/wp\/v2\/posts\/9511","targetHints":{"allow":["GET"]}}],"collection":[{"href":"https:\/\/chronik.noblogs.org\/index.php?rest_route=\/wp\/v2\/posts"}],"about":[{"href":"https:\/\/chronik.noblogs.org\/index.php?rest_route=\/wp\/v2\/types\/post"}],"author":[{"embeddable":true,"href":"https:\/\/chronik.noblogs.org\/index.php?rest_route=\/wp\/v2\/users\/12080"}],"replies":[{"embeddable":true,"href":"https:\/\/chronik.noblogs.org\/index.php?rest_route=%2Fwp%2Fv2%2Fcomments&post=9511"}],"version-history":[{"count":0,"href":"https:\/\/chronik.noblogs.org\/index.php?rest_route=\/wp\/v2\/posts\/9511\/revisions"}],"wp:attachment":[{"href":"https:\/\/chronik.noblogs.org\/index.php?rest_route=%2Fwp%2Fv2%2Fmedia&parent=9511"}],"wp:term":[{"taxonomy":"category","embeddable":true,"href":"https:\/\/chronik.noblogs.org\/index.php?rest_route=%2Fwp%2Fv2%2Fcategories&post=9511"},{"taxonomy":"post_tag","embeddable":true,"href":"https:\/\/chronik.noblogs.org\/index.php?rest_route=%2Fwp%2Fv2%2Ftags&post=9511"}],"curies":[{"name":"wp","href":"https:\/\/api.w.org\/{rel}","templated":true}]}}