{"id":9501,"date":"2019-01-24T00:00:42","date_gmt":"2019-01-23T22:00:42","guid":{"rendered":"http:\/\/chronik.blackblogs.org\/?p=9501"},"modified":"2019-01-24T00:00:42","modified_gmt":"2019-01-23T22:00:42","slug":"farbglaeser-gegen-wohnung-von-ulrich-lenz-afd","status":"publish","type":"post","link":"https:\/\/chronik.noblogs.org\/?p=9501","title":{"rendered":"Farbgl\u00e4ser gegen Wohnung von Ulrich Lenz (AfD)"},"content":{"rendered":"<p><strong>Hamburg<\/strong>, 24. Januar 2019<\/p>\n<blockquote><p>Der Messermann der Hamburger AfD &#8211; Das klingt nach einem Gruselfilm, ist aber traurige Realit\u00e4t.<\/p>\n<p>Und so haben wir dem AfD-Mitglied Ulrich Lenz (wohnhaft: Am Landpflegeheim 52, 22549 Hamburg) in der Nacht zum 24.1.2019 einen Besuch abgestattet. Mit Farbgl\u00e4sern bewarfen wir seine Wohnung.<\/p>\n<p>Zum Hintergrund: Der Messer-Vorfall ereignete sich bereits Anfang September 2018.<!--more--> Damals kam es zu Tumulten an einem AfD-Werbestand in Gro\u00df Flottbek. Dort f\u00fchlte sich ein Passant nach eigener Aussage von dem Infostand provoziert, wischte Flyer vom Tresen, woraufhin sich mehrere AfD-Anh\u00e4nger auf ihn st\u00fcrzten. Einer von ihnen war das AfD-Mitglied Ulrich Lenz. Dieser hatte ein Messer dabei und f\u00fcgte dem AfD-Gegner Schnittwunden zu. Ein Messermann in den eigenen Reihen? Die AfD glaubt nicht an den Vorfall. Realit\u00e4tsverweigerung? Ja.<\/p>\n<p>Unruhige Tage und N\u00e4chte f\u00fcr die AfD, Neonazis und anderen Rassist*innen!<br \/>\nSolidarit\u00e4t mit allen Betroffenen rechter und rassistischer Gewalt!<\/p>\n<p>Gruppe Die-Geister-die-ich-rief<\/p><\/blockquote>\n<p><strong>Quelle<\/strong>: <a href=\"http:\/\/4sy6ebszykvcv2n6.onion\/node\/28475\">Indymedia<\/a> (Tor)<\/p>\n<p>&nbsp;<\/p>\n<p>&nbsp;<\/p>\n<blockquote><p>Osdorf &#8211; Anschlag auf den mutma\u00dflichen Messermann der AfD: Weil er an einem Infostand einen Mann mit einem Messer angegriffen haben soll, ist AfD-Mitglied Ulrich L. Opfer einer Farb-Attacke geworden.<\/p>\n<p>Linksradikale hatten die Wohnung des AfD-Anh\u00e4ngers in Osdorf in der Nacht zu Donnerstag nach eigenen Angaben mit Farbgl\u00e4sern beworfen. Im Internet schreibt die Gruppe \u201eDie-Geister-die-ich-rief&#8221; von unruhigen Tagen und N\u00e4chten f\u00fcr die AfD, Neonazis und andere Rassisten. \u201eSolidarit\u00e4t mit allen Betroffenen rechter und rassistischer Gewalt!&#8221;, hei\u00dft es. Der Staatsschutz hat die Ermittlungen jetzt \u00fcbernommen.<\/p>\n<p>Der Hintergrund des Farbanschlags: Anfang September hatte ein Passant am AfD-Werbestand in Gro\u00df Flottbek Flyer vom Tresen gewischt, woraufhin sich mehrere AfD-Anh\u00e4nger auf ihn st\u00fcrzten \u2013 einer offenbar mit einem Messer bewaffnet. Das Opfer erlitt Schnittverletzungen.<\/p>\n<p>Bei der Wohnungsdurchsuchung eines Tatverd\u00e4chtigen, bei dem es sich um Ulrich L. handeln soll, wurden mehrere Messer und Macheten gefunden. Die Staatsanwaltschaft ermittelt nun wegen gef\u00e4hrlicher K\u00f6rperverletzung. Hamburgs AfD glaubt nicht an den Messer-Vorfall.<\/p>\n<p>Dirk Nockemann, Vorsitzender der Hamburger AfD sagte zu der Farb-Attacke: \u201eWir verurteilen den feigen Anschlag auf das Sch\u00e4rfste. Er ist auch das Resultat der \u00f6ffentlichen Hetze und der Verleumdungskampagnen gegen die AfD.&#8221; Der Staat sei Laut Nockemann in der Pflicht gegen diese Brandstifter endlich vorzugehen. \u201eW\u00e4hrend der Verfassungsschutz die AfD unter Generalverdacht stellt, leben unbelehrbare Linke ihre Gewaltexzesse ungehindert aus.\u201c<\/p><\/blockquote>\n<p><strong>Quelle<\/strong>: <a href=\"https:\/\/www.mopo.de\/hamburg\/polizei\/nach-tumulten-am-infostand-anschlag-auf-mutmasslichen-messermann-der-afd-31936084\">Mopo<\/a><\/p>\n","protected":false},"excerpt":{"rendered":"<p>Hamburg, 24. Januar 2019 Der Messermann der Hamburger AfD &#8211; Das klingt nach einem Gruselfilm, ist aber traurige Realit\u00e4t. Und so haben wir dem AfD-Mitglied Ulrich Lenz (wohnhaft: Am Landpflegeheim 52, 22549 Hamburg) in der Nacht zum 24.1.2019 einen Besuch abgestattet. Mit Farbgl\u00e4sern bewarfen wir seine Wohnung. Zum Hintergrund: Der Messer-Vorfall ereignete sich bereits Anfang [&hellip;]<\/p>\n","protected":false},"author":12080,"featured_media":0,"comment_status":"closed","ping_status":"closed","sticky":false,"template":"","format":"standard","meta":{"footnotes":""},"categories":[2],"tags":[88],"class_list":["post-9501","post","type-post","status-publish","format-standard","hentry","category-de","tag-hamburg"],"_links":{"self":[{"href":"https:\/\/chronik.noblogs.org\/index.php?rest_route=\/wp\/v2\/posts\/9501","targetHints":{"allow":["GET"]}}],"collection":[{"href":"https:\/\/chronik.noblogs.org\/index.php?rest_route=\/wp\/v2\/posts"}],"about":[{"href":"https:\/\/chronik.noblogs.org\/index.php?rest_route=\/wp\/v2\/types\/post"}],"author":[{"embeddable":true,"href":"https:\/\/chronik.noblogs.org\/index.php?rest_route=\/wp\/v2\/users\/12080"}],"replies":[{"embeddable":true,"href":"https:\/\/chronik.noblogs.org\/index.php?rest_route=%2Fwp%2Fv2%2Fcomments&post=9501"}],"version-history":[{"count":0,"href":"https:\/\/chronik.noblogs.org\/index.php?rest_route=\/wp\/v2\/posts\/9501\/revisions"}],"wp:attachment":[{"href":"https:\/\/chronik.noblogs.org\/index.php?rest_route=%2Fwp%2Fv2%2Fmedia&parent=9501"}],"wp:term":[{"taxonomy":"category","embeddable":true,"href":"https:\/\/chronik.noblogs.org\/index.php?rest_route=%2Fwp%2Fv2%2Fcategories&post=9501"},{"taxonomy":"post_tag","embeddable":true,"href":"https:\/\/chronik.noblogs.org\/index.php?rest_route=%2Fwp%2Fv2%2Ftags&post=9501"}],"curies":[{"name":"wp","href":"https:\/\/api.w.org\/{rel}","templated":true}]}}