{"id":9495,"date":"2019-01-18T00:00:37","date_gmt":"2019-01-17T22:00:37","guid":{"rendered":"http:\/\/chronik.blackblogs.org\/?p=9495"},"modified":"2019-01-18T00:00:37","modified_gmt":"2019-01-17T22:00:37","slug":"farbe-gegen-afd-veranstaltungsort-13","status":"publish","type":"post","link":"https:\/\/chronik.noblogs.org\/?p=9495","title":{"rendered":"Farbe gegen AfD-Veranstaltungsort"},"content":{"rendered":"<p><strong>M\u00fcnster<\/strong>, 18. Januar 2019<\/p>\n<blockquote><p>Am 22.02.2019 plant die M\u00fcnsteraner AfD einen weiteren Neujahrsempfang im Rathaus, diesmal soll der AfD-Bundesvorsitzende J\u00f6rg Meuthen als Redner auftreten. Neben diesen Versuchen R\u00e4umlichkeiten der Stadt zu erpressen, f\u00e4llt die Partei eher durch rassistische Facebookeintr\u00e4ge und gezielte Verbreitung von Fakenews auf, u.a.: nach der Amokfahrt in der Innenstadt von M\u00fcnster, bei der die AfD unwahrheitsgem\u00e4\u00df einen Unschuldigen als T\u00e4ter diffamierte.<!--more--> Beim letzten Neujahrsempfang demonstrierten ca. 10.000 Menschen gegen die nationalistische, rassistische und sexistische Politik der AfD. Diesmal soll es nicht besser f\u00fcr die Rassist*innen werden!<\/p>\n<p>Um der AfD schon im Vorfeld eine Botschaft zu senden, haben wir in den Morgenstunden des 18. Januar das AfD-Parteib\u00fcro besucht und Farbe und Parolen hinterlassen. Auch an der Druckerei von Martin Schiller hinterlie\u00dfen wir Parolen.<\/p>\n<p>Der AfD die Party vermiesen &#8211; gemeinsam gegen den AfD Neujahrsempfang!<\/p><\/blockquote>\n<p><strong>Quelle<\/strong>: <a href=\"http:\/\/4sy6ebszykvcv2n6.onion\/node\/28439\">Indymedia<\/a> (Tor)<\/p>\n","protected":false},"excerpt":{"rendered":"<p>M\u00fcnster, 18. Januar 2019 Am 22.02.2019 plant die M\u00fcnsteraner AfD einen weiteren Neujahrsempfang im Rathaus, diesmal soll der AfD-Bundesvorsitzende J\u00f6rg Meuthen als Redner auftreten. Neben diesen Versuchen R\u00e4umlichkeiten der Stadt zu erpressen, f\u00e4llt die Partei eher durch rassistische Facebookeintr\u00e4ge und gezielte Verbreitung von Fakenews auf, u.a.: nach der Amokfahrt in der Innenstadt von M\u00fcnster, bei [&hellip;]<\/p>\n","protected":false},"author":12080,"featured_media":0,"comment_status":"closed","ping_status":"closed","sticky":false,"template":"","format":"standard","meta":{"footnotes":""},"categories":[2],"tags":[139],"class_list":["post-9495","post","type-post","status-publish","format-standard","hentry","category-de","tag-muenster"],"_links":{"self":[{"href":"https:\/\/chronik.noblogs.org\/index.php?rest_route=\/wp\/v2\/posts\/9495","targetHints":{"allow":["GET"]}}],"collection":[{"href":"https:\/\/chronik.noblogs.org\/index.php?rest_route=\/wp\/v2\/posts"}],"about":[{"href":"https:\/\/chronik.noblogs.org\/index.php?rest_route=\/wp\/v2\/types\/post"}],"author":[{"embeddable":true,"href":"https:\/\/chronik.noblogs.org\/index.php?rest_route=\/wp\/v2\/users\/12080"}],"replies":[{"embeddable":true,"href":"https:\/\/chronik.noblogs.org\/index.php?rest_route=%2Fwp%2Fv2%2Fcomments&post=9495"}],"version-history":[{"count":0,"href":"https:\/\/chronik.noblogs.org\/index.php?rest_route=\/wp\/v2\/posts\/9495\/revisions"}],"wp:attachment":[{"href":"https:\/\/chronik.noblogs.org\/index.php?rest_route=%2Fwp%2Fv2%2Fmedia&parent=9495"}],"wp:term":[{"taxonomy":"category","embeddable":true,"href":"https:\/\/chronik.noblogs.org\/index.php?rest_route=%2Fwp%2Fv2%2Fcategories&post=9495"},{"taxonomy":"post_tag","embeddable":true,"href":"https:\/\/chronik.noblogs.org\/index.php?rest_route=%2Fwp%2Fv2%2Ftags&post=9495"}],"curies":[{"name":"wp","href":"https:\/\/api.w.org\/{rel}","templated":true}]}}