{"id":9448,"date":"2018-12-30T00:00:01","date_gmt":"2018-12-29T22:00:01","guid":{"rendered":"http:\/\/chronik.blackblogs.org\/?p=9448"},"modified":"2018-12-30T00:00:01","modified_gmt":"2018-12-29T22:00:01","slug":"farbe-gegen-afd-buero-16","status":"publish","type":"post","link":"https:\/\/chronik.noblogs.org\/?p=9448","title":{"rendered":"Farbe gegen AfD-B\u00fcro"},"content":{"rendered":"<p><strong><a href=\"https:\/\/chronik.blackblogs.org\/wp-content\/uploads\/sites\/109\/2018\/12\/goer.jpg\"><img loading=\"lazy\" decoding=\"async\" class=\"alignright size-medium wp-image-9587\" src=\"https:\/\/chronik.blackblogs.org\/wp-content\/uploads\/sites\/109\/2018\/12\/goer-225x300.jpg\" alt=\"\" width=\"225\" height=\"300\"><\/a>G\u00f6rlitz<\/strong>, 30. Dezmeber 2018<\/p>\n<blockquote><p>Auf das G\u00f6rlitzer AfD-B\u00fcro ist eine Farbattacke ver\u00fcbt worden. Fensterscheiben und Fassaden wurden gelb und gr\u00fcn beschmiert. Der Schaden wird mit 200 Euro beziffert. Der Staatsschutz hat die Ermittlungen \u00fcbernommen.<\/p><\/blockquote>\n<p><strong>Quelle<\/strong>: <a href=\"https:\/\/www.radiolausitz.de\/beitrag\/farbattacke-auf-goerlitzer-afd-buero-567927\/\">Radio Lausitz<\/a><\/p>\n","protected":false},"excerpt":{"rendered":"<p>G\u00f6rlitz, 30. Dezmeber 2018 Auf das G\u00f6rlitzer AfD-B\u00fcro ist eine Farbattacke ver\u00fcbt worden. Fensterscheiben und Fassaden wurden gelb und gr\u00fcn beschmiert. Der Schaden wird mit 200 Euro beziffert. Der Staatsschutz hat die Ermittlungen \u00fcbernommen. Quelle: Radio Lausitz<\/p>\n","protected":false},"author":12080,"featured_media":0,"comment_status":"closed","ping_status":"closed","sticky":false,"template":"","format":"standard","meta":{"footnotes":""},"categories":[2],"tags":[73],"class_list":["post-9448","post","type-post","status-publish","format-standard","hentry","category-de","tag-goerlitz"],"_links":{"self":[{"href":"https:\/\/chronik.noblogs.org\/index.php?rest_route=\/wp\/v2\/posts\/9448","targetHints":{"allow":["GET"]}}],"collection":[{"href":"https:\/\/chronik.noblogs.org\/index.php?rest_route=\/wp\/v2\/posts"}],"about":[{"href":"https:\/\/chronik.noblogs.org\/index.php?rest_route=\/wp\/v2\/types\/post"}],"author":[{"embeddable":true,"href":"https:\/\/chronik.noblogs.org\/index.php?rest_route=\/wp\/v2\/users\/12080"}],"replies":[{"embeddable":true,"href":"https:\/\/chronik.noblogs.org\/index.php?rest_route=%2Fwp%2Fv2%2Fcomments&post=9448"}],"version-history":[{"count":0,"href":"https:\/\/chronik.noblogs.org\/index.php?rest_route=\/wp\/v2\/posts\/9448\/revisions"}],"wp:attachment":[{"href":"https:\/\/chronik.noblogs.org\/index.php?rest_route=%2Fwp%2Fv2%2Fmedia&parent=9448"}],"wp:term":[{"taxonomy":"category","embeddable":true,"href":"https:\/\/chronik.noblogs.org\/index.php?rest_route=%2Fwp%2Fv2%2Fcategories&post=9448"},{"taxonomy":"post_tag","embeddable":true,"href":"https:\/\/chronik.noblogs.org\/index.php?rest_route=%2Fwp%2Fv2%2Ftags&post=9448"}],"curies":[{"name":"wp","href":"https:\/\/api.w.org\/{rel}","templated":true}]}}