{"id":9441,"date":"2019-01-02T00:00:51","date_gmt":"2019-01-01T22:00:51","guid":{"rendered":"http:\/\/chronik.blackblogs.org\/?p=9441"},"modified":"2019-01-02T00:00:51","modified_gmt":"2019-01-01T22:00:51","slug":"pyrotechnik-gegen-afd-buero","status":"publish","type":"post","link":"https:\/\/chronik.noblogs.org\/?p=9441","title":{"rendered":"Pyrotechnik gegen AfD-B\u00fcro"},"content":{"rendered":"<p><strong><a href=\"https:\/\/chronik.blackblogs.org\/wp-content\/uploads\/sites\/109\/2019\/01\/strass.jpg\"><img loading=\"lazy\" decoding=\"async\" class=\"alignright size-medium wp-image-9442\" src=\"https:\/\/chronik.blackblogs.org\/wp-content\/uploads\/sites\/109\/2019\/01\/strass-300x225.jpg\" alt=\"\" width=\"300\" height=\"225\"><\/a>Sta\u00dffurt<\/strong>, 2. Januar 2019<\/p>\n<blockquote><p>Der Schreck im neuen Jahr war gro\u00df. Als eine Wahlkreismitarbeiterin der Alternative f\u00fcr Deutschland (AfD) am 2. Januar im B\u00fcro am Prinzenberg in Sta\u00dffurt vorbeischaute, stellte diese zwei etwa zehn Zentimeter gro\u00dfe L\u00f6cher in der Fensterglasscheibe zur Stra\u00dfe fest. Innen lagen auf dem Boden und dem Tisch Glassscherben verteilt. Um die L\u00f6cher drumherum waren Brandflecken. Die Faktenlage war schnell klar. Erneut hat es auf das Wahlkreisb\u00fcro einen Anschlag gegeben.<br \/>\n<!--more--><br \/>\nNoch am gleichen Tag wurde bei der Polizei eine Anzeige gegen Unbekannt erstattet. Provisorisch wurden die L\u00f6cher am Mittwochmittag mit Kunststoff abgedeckt. Nun muss eine Glaserfirma ran, die die Scheiben ersetzt. Dazu muss die Beschriftung neu beklebt werden. \u201eDas allein kostet 300 bis 500 Euro\u201c, erkl\u00e4rt Matthias B\u00fcttner, Mitglied im Stadtrat der Stadt Sta\u00dffurt (Fraktion UWG Salzland\/AfD) und Landtagsmitglied. \u201eZusammen mit der Scheibe k\u00f6nnen da Kosten im vierstelligen Bereich zusammenkommen.\u201c Die Versicherung ist bereits kontaktiert. Diese wird die Kosten \u00fcbernehmen.<\/p>\n<p>Der finanzielle Schaden bleibt also aus, aber vor allem \u00fcber das Ausma\u00df der Aktion ist B\u00fcttner erschrocken. \u201eWir sind ja mittlerweile hartgesotten\u201c, sagt er. \u201eAllein im Jahr 2018 gab es vier Vorf\u00e4lle. Da werden Aufkleber befestigt, die schwer abgehen, es werden Spr\u00fcche an die Scheibe gespr\u00fcht.\u201c Da war dann schon mal ein Anarchiezeichen an der Scheibe. Daneben stand \u201eAffen f\u00fcr Deutschland\u201c. Dazu gab es im Juni 2018 einen vermeintlichen Sprengstoffanschlag. Damals bekam B\u00fcttner einen Brief zugeschickt mit einem roten Draht. Im Nachhinein stellte sich aber heraus, dass die Briefbombe eine Attrappe war. Sogar das Landeskriminalamt wurde damals eingeschaltet.<\/p>\n<p>Anschlag neue Dimension f\u00fcr B\u00fcttner<\/p>\n<p>Und doch ist der Anschlag jetzt f\u00fcr B\u00fcttner eine neue Kragenweite. \u201eIch bin geschockt\u201c, sagt er. \u201eDas ist f\u00fcr mich eine neue Dimension. Die T\u00e4ter haben bewusst in Kauf genommen, dass sich Menschen, die sich darin h\u00e4tten aufhalten k\u00f6nnen, verletzt werden. Ich vermute, dass es sich um B\u00f6ller aus Polen handelt mit illegalen Sprengs\u00e4tzen.\u201c Nur so sei f\u00fcr ihn die enorm starke Detonation erkl\u00e4rbar. \u201eAber nat\u00fcrlich ist das nur eine Vermutung\u201c, so B\u00fcttner.<\/p>\n<p>Unklar ist auch, wie die T\u00e4ter die B\u00f6ller in das Geb\u00e4ude bekommen haben. Schlie\u00dflich handelt es sich um beinahe kreisrunde Einsch\u00fcsse. Absplitterungen gibt es nur wenige. \u201eVielleicht haben die T\u00e4ter schon vorher ein Loch in die Scheibe gemacht\u201c, mutma\u00dft B\u00fcttner. \u201eUnd den B\u00f6ller dann hereingeworfen.\u201c<\/p>\n<p>Auch den genauen Tathergang muss nat\u00fcrlich die Polizei kl\u00e4ren. Dabei ist die Aussicht, dass die T\u00e4ter gefasst werden, gering. Matthias B\u00fcttner hofft einfach nur, dass die Ausma\u00dfe des derzeitigen Anschlags nicht zur Gewohnheit werden.<\/p><\/blockquote>\n<p><strong>Quelle<\/strong>: <a href=\"https:\/\/www.volksstimme.de\/lokal\/sta%C3%9Ffurt\/wahlkreisbuero-anschlag-auf-afd-mit-polenboeller\">Volksstimme<\/a><\/p>\n","protected":false},"excerpt":{"rendered":"<p>Sta\u00dffurt, 2. Januar 2019 Der Schreck im neuen Jahr war gro\u00df. Als eine Wahlkreismitarbeiterin der Alternative f\u00fcr Deutschland (AfD) am 2. Januar im B\u00fcro am Prinzenberg in Sta\u00dffurt vorbeischaute, stellte diese zwei etwa zehn Zentimeter gro\u00dfe L\u00f6cher in der Fensterglasscheibe zur Stra\u00dfe fest. Innen lagen auf dem Boden und dem Tisch Glassscherben verteilt. Um die [&hellip;]<\/p>\n","protected":false},"author":12080,"featured_media":0,"comment_status":"closed","ping_status":"closed","sticky":false,"template":"","format":"standard","meta":{"footnotes":""},"categories":[2],"tags":[293],"class_list":["post-9441","post","type-post","status-publish","format-standard","hentry","category-de","tag-stassfurt"],"_links":{"self":[{"href":"https:\/\/chronik.noblogs.org\/index.php?rest_route=\/wp\/v2\/posts\/9441","targetHints":{"allow":["GET"]}}],"collection":[{"href":"https:\/\/chronik.noblogs.org\/index.php?rest_route=\/wp\/v2\/posts"}],"about":[{"href":"https:\/\/chronik.noblogs.org\/index.php?rest_route=\/wp\/v2\/types\/post"}],"author":[{"embeddable":true,"href":"https:\/\/chronik.noblogs.org\/index.php?rest_route=\/wp\/v2\/users\/12080"}],"replies":[{"embeddable":true,"href":"https:\/\/chronik.noblogs.org\/index.php?rest_route=%2Fwp%2Fv2%2Fcomments&post=9441"}],"version-history":[{"count":0,"href":"https:\/\/chronik.noblogs.org\/index.php?rest_route=\/wp\/v2\/posts\/9441\/revisions"}],"wp:attachment":[{"href":"https:\/\/chronik.noblogs.org\/index.php?rest_route=%2Fwp%2Fv2%2Fmedia&parent=9441"}],"wp:term":[{"taxonomy":"category","embeddable":true,"href":"https:\/\/chronik.noblogs.org\/index.php?rest_route=%2Fwp%2Fv2%2Fcategories&post=9441"},{"taxonomy":"post_tag","embeddable":true,"href":"https:\/\/chronik.noblogs.org\/index.php?rest_route=%2Fwp%2Fv2%2Ftags&post=9441"}],"curies":[{"name":"wp","href":"https:\/\/api.w.org\/{rel}","templated":true}]}}