{"id":9421,"date":"2019-01-04T00:00:05","date_gmt":"2019-01-03T22:00:05","guid":{"rendered":"http:\/\/chronik.blackblogs.org\/?p=9421"},"modified":"2019-01-04T00:00:05","modified_gmt":"2019-01-03T22:00:05","slug":"haus-von-guido-stolte-afd-besprueht","status":"publish","type":"post","link":"https:\/\/chronik.noblogs.org\/?p=9421","title":{"rendered":"Haus von Guido Stolte (AfD) bespr\u00fcht"},"content":{"rendered":"<p><strong><a href=\"https:\/\/chronik.blackblogs.org\/wp-content\/uploads\/sites\/109\/2019\/01\/mepp.jpg\"><img loading=\"lazy\" decoding=\"async\" class=\"alignright size-medium wp-image-9422\" src=\"https:\/\/chronik.blackblogs.org\/wp-content\/uploads\/sites\/109\/2019\/01\/mepp-300x169.jpg\" alt=\"\" width=\"300\" height=\"169\"><\/a>Meppen<\/strong>, 4. Januar 2019<\/p>\n<blockquote><p>Einen &#8220;feigen und hinterlistigen Angriff&#8221; nennt die AfD die Besch\u00e4digung des Hauses von Guido Stolte in Meppen. Die Polizei sch\u00e4tzt den Schaden auf rund 5000 Euro.<\/p>\n<p>Wie berichtet, wurde zwischen Donnerstagabend und Freitagmorgen das Einfamilienhaus des Kreistagsabgeordneten mit roter Farbe und mit Bauschaum beschmiert, der Garten verw\u00fcstet und darin Gem\u00fcse abgelegt. Die Polizei geht von einer politisch motivierten Tat aus. Die H\u00f6he des Sachschadens wird auf etwa 5000 Euro gesch\u00e4tzt.<br \/>\n<!--more--><br \/>\nIm September wurde die Familie des Kreisvorsitzenden Ansgar Schledde mit Gegenst\u00e4nden beworfen, als sie auf der Terrasse ihres Hauses in Sch\u00fcttorf sa\u00df. Ein Stein traf die Terrassen\u00fcberdachung, ein Ei den Kreisvorsitzenden am Kopf.<\/p><\/blockquote>\n<p><strong>Quelle<\/strong>: <a href=\"https:\/\/www.noz.de\/lokales\/meppen\/artikel\/1624105\/wohnhaus-von-afd-kreistagsmitglied-in-meppen-beschmiert\">NOZ<\/a><\/p>\n","protected":false},"excerpt":{"rendered":"<p>Meppen, 4. Januar 2019 Einen &#8220;feigen und hinterlistigen Angriff&#8221; nennt die AfD die Besch\u00e4digung des Hauses von Guido Stolte in Meppen. Die Polizei sch\u00e4tzt den Schaden auf rund 5000 Euro. Wie berichtet, wurde zwischen Donnerstagabend und Freitagmorgen das Einfamilienhaus des Kreistagsabgeordneten mit roter Farbe und mit Bauschaum beschmiert, der Garten verw\u00fcstet und darin Gem\u00fcse abgelegt. [&hellip;]<\/p>\n","protected":false},"author":12080,"featured_media":0,"comment_status":"closed","ping_status":"closed","sticky":false,"template":"","format":"standard","meta":{"footnotes":""},"categories":[2],"tags":[291],"class_list":["post-9421","post","type-post","status-publish","format-standard","hentry","category-de","tag-meppen"],"_links":{"self":[{"href":"https:\/\/chronik.noblogs.org\/index.php?rest_route=\/wp\/v2\/posts\/9421","targetHints":{"allow":["GET"]}}],"collection":[{"href":"https:\/\/chronik.noblogs.org\/index.php?rest_route=\/wp\/v2\/posts"}],"about":[{"href":"https:\/\/chronik.noblogs.org\/index.php?rest_route=\/wp\/v2\/types\/post"}],"author":[{"embeddable":true,"href":"https:\/\/chronik.noblogs.org\/index.php?rest_route=\/wp\/v2\/users\/12080"}],"replies":[{"embeddable":true,"href":"https:\/\/chronik.noblogs.org\/index.php?rest_route=%2Fwp%2Fv2%2Fcomments&post=9421"}],"version-history":[{"count":0,"href":"https:\/\/chronik.noblogs.org\/index.php?rest_route=\/wp\/v2\/posts\/9421\/revisions"}],"wp:attachment":[{"href":"https:\/\/chronik.noblogs.org\/index.php?rest_route=%2Fwp%2Fv2%2Fmedia&parent=9421"}],"wp:term":[{"taxonomy":"category","embeddable":true,"href":"https:\/\/chronik.noblogs.org\/index.php?rest_route=%2Fwp%2Fv2%2Fcategories&post=9421"},{"taxonomy":"post_tag","embeddable":true,"href":"https:\/\/chronik.noblogs.org\/index.php?rest_route=%2Fwp%2Fv2%2Ftags&post=9421"}],"curies":[{"name":"wp","href":"https:\/\/api.w.org\/{rel}","templated":true}]}}