{"id":9333,"date":"2018-12-26T00:00:06","date_gmt":"2018-12-25T22:00:06","guid":{"rendered":"http:\/\/chronik.blackblogs.org\/?p=9333"},"modified":"2018-12-26T00:00:06","modified_gmt":"2018-12-25T22:00:06","slug":"brandanschlag-auf-amtsgericht-berlin-wedding","status":"publish","type":"post","link":"https:\/\/chronik.noblogs.org\/?p=9333","title":{"rendered":"Brandanschlag auf Amtsgericht Berlin-Wedding"},"content":{"rendered":"<p><strong><a href=\"https:\/\/chronik.blackblogs.org\/wp-content\/uploads\/sites\/109\/2019\/01\/31882.png\"><img loading=\"lazy\" decoding=\"async\" class=\"alignright size-medium wp-image-9334\" src=\"https:\/\/chronik.blackblogs.org\/wp-content\/uploads\/sites\/109\/2019\/01\/31882-300x199.png\" alt=\"\" width=\"300\" height=\"199\"><\/a>Berlin<\/strong>, 26. Dezember 2018<\/p>\n<blockquote><p>Erk\u00e4rung zu dem Brandanschlag auf das Amtsgericht Wedding.<\/p>\n<p>Europaweite Fahndungen und Hausdurchsuchungen. Festnahmen und Auslieferungen. DenunziantInnen und Urteile. Der Freudentaumel der Gipfeltage und die Best\u00e4tigung des Kontrollverlusts zwingen den Staat zu reagieren. Die Reaktionen sind so offenkundig feindlich wie seit Jahren nicht mehr. Direkte Angriffe gegen uns und unsere Strukturen sind die Antworten der Herrschenden. Die Intensivierung der Verfolgung, der Drang nach Strafe und die Entpolitisierung unserer Ideen und Taten wird vorangetrieben.<br \/>\n<!--more--><br \/>\nEs wird in dieser Logik nur vergessen, dass wir uns durch politischeFragmente wie kleine Teile eines Puzzles vereinen \u2013 seien es Ereignisse, seien es Gedankeng\u00e4nge, die weiter gef\u00fchrt werden in anderen St\u00e4dten oder pl\u00f6tzlich in Texten auftauchen \u2013 und auch durch die Reduzierung der KomplizInnen nicht von dem gemeinsamen Tisch entfernen werden. Wir m\u00fcssen die Menschen nicht kennen, die mit uns gemeinsam auf den Stra\u00dfen sind. Durch unsere teils auch unausgesprochenen Ideen f\u00fchlen wir uns miteinander verbunden und durch das gemeinsame Handeln auf der Stra\u00dfe kriegen wir mit, dass diese Ideen nicht im luftleeren Raum ertr\u00e4umt werden.<\/p>\n<p>Die derzeitigen Versuche des Feindes, anhand der Verurteilungen einiger, die widerst\u00e4ndige Praxis vieler unter Kontrolle zu bekommen, k\u00f6nnen von unserer Seite nicht unbeantwortet bleiben.<\/p>\n<p>Am 7. Juli 2017 gelang einigen hundert von uns, was eine Vielzahl mehr oder weniger verstreuter Zellen monatelang propagiert und erhofft hatte: Dem Spektakel der Politik und der Inszenierung eines bleiernen gesellschaftlichen Friedens am Morgen des G20 Gipfels in Hamburg eine offensive und unvereinnahmbare Absage zu erteilen. Auch wenn sich der Justizapparat daran macht, Einzelne als angeblich Verantwortliche vor seine Gerichte zu zerren, um das Kapitel Elbchaussee abzuhaken, bleibt f\u00fcr uns dieser Moment ein Stachel, dessen Nachwirkungen bis zum n\u00e4chsten Riot sp\u00fcrbar sein werden.<\/p>\n<p>Wir w\u00fcrden auch gerne daran glauben, dass Gerichtsgeb\u00e4ude eigenst\u00e4ndig Feuer fangen, (Tor: Presselink) aber in diesem Fall war es nicht so&#8230;<\/p>\n<p>Wir haben am 26.12.2018 f\u00fcnfzehn Liter brennbare Fl\u00fcssigkeit kombiniert mit Styropor in die Kellerr\u00e4ume gegossen in denen Akten lagerten und in Brand gesetzt.<\/p>\n<p>Wir hoffen, dass die Rauchschwaden ein wenig Mut bis nach Hamburg tragen.<\/p>\n<p>Getroffen hat es euch, aber gemeint, sind wir alle.<\/p>\n<p>Feuer und Flamme den Kn\u00e4sten und der Justiz!<\/p><\/blockquote>\n<p><strong>Quelle<\/strong>: <a href=\"http:\/\/4sy6ebszykvcv2n6.onion\/node\/27553\">Indymedia<\/a> (Tor)<\/p>\n<p>&nbsp;<\/p>\n<p>&nbsp;<\/p>\n<!-- Here be dragons but no images. -->\n<p>&nbsp;<\/p>\n<p>&nbsp;<\/p>\n<blockquote><p>Verschmorte Ger\u00e4te, angekokelte Ordner und jede Menge verbrannte Akten. Im Keller des Amtsgerichts Wedding hat in der Nacht zu Donnerstag ein Feuer gew\u00fctet. Die Brandursache ist bislang unklar, die Polizei ermittelt. Nach KURIER-Informationen lagern in dem von dem Feuer betroffenen Geb\u00e4udeteil vor allem Akten, in denen Dienstpl\u00e4ne und Arbeitszeitkonten archiviert werden.<\/p>\n<p>Gegen drei Uhr morgens bricht in der Nacht zu Donnerstag in den Kellerr\u00e4umen des Amtsgerichts Wedding am Brunnenplatz ein Feuer aus. Bereits wenige Minuten sp\u00e4ter sind die Brandbek\u00e4mpfer der Berliner Feuerwehr vor Ort. Mit drei Staffeln (rund 25 Mann) l\u00f6schen die M\u00e4nner die Flammen und retten, was zu retten ist.<\/p>\n<p>Brandursache bislang unklar<\/p>\n<p>Nach ersten Erkenntnissen wurden vor allem technische Ger\u00e4te wie Monitore in den von dem Brand betroffenen R\u00e4umen gelagert, auch mehrere Druckerpatronen fielen den Flammen zum Opfer. Au\u00dferdem jede Menge Akten aus den Amtsstuben der Verwaltung.<\/p>\n<p>Gerettet werden konnten jedoch mehrere Ordner, in denen \u201eBereitschaftsdienste an dienstfreien Tagen\u201c sowie Arbeitszeitkonten dokumentiert wurden. Auch ein dicker W\u00e4lzer mit der Aufschrift \u201eVerbot der Annahme von Geschenken\u201c \u00fcberstand das Feuer dank des schnellen Einsatzes der Brandbek\u00e4mpfer unversehrt.<\/p>\n<p>Wodurch das Feuer im Amtsgericht ausgel\u00f6st wurde, ist bislang unklar. Ein Brandkommissariat der Berliner Polizei hat die weiteren Ermittlungen \u00fcbernommen. Weder ein technischer Defekt noch Brandstiftung konnten Donnerstag ausgeschlossen werden.<\/p><\/blockquote>\n<p><strong>Quelle<\/strong>: <a href=\"https:\/\/www.berliner-kurier.de\/berlin\/polizei-und-justiz\/feuer-im-amtsgericht-welche-akten-sind-hier-verbrannt--31798524\">Berliner Kurier<\/a><\/p>\n","protected":false},"excerpt":{"rendered":"<p>Berlin, 26. Dezember 2018 Erk\u00e4rung zu dem Brandanschlag auf das Amtsgericht Wedding. Europaweite Fahndungen und Hausdurchsuchungen. Festnahmen und Auslieferungen. DenunziantInnen und Urteile. Der Freudentaumel der Gipfeltage und die Best\u00e4tigung des Kontrollverlusts zwingen den Staat zu reagieren. Die Reaktionen sind so offenkundig feindlich wie seit Jahren nicht mehr. Direkte Angriffe gegen uns und unsere Strukturen sind [&hellip;]<\/p>\n","protected":false},"author":12080,"featured_media":0,"comment_status":"closed","ping_status":"closed","sticky":false,"template":"","format":"standard","meta":{"footnotes":""},"categories":[2],"tags":[24],"class_list":["post-9333","post","type-post","status-publish","format-standard","hentry","category-de","tag-berlin"],"_links":{"self":[{"href":"https:\/\/chronik.noblogs.org\/index.php?rest_route=\/wp\/v2\/posts\/9333","targetHints":{"allow":["GET"]}}],"collection":[{"href":"https:\/\/chronik.noblogs.org\/index.php?rest_route=\/wp\/v2\/posts"}],"about":[{"href":"https:\/\/chronik.noblogs.org\/index.php?rest_route=\/wp\/v2\/types\/post"}],"author":[{"embeddable":true,"href":"https:\/\/chronik.noblogs.org\/index.php?rest_route=\/wp\/v2\/users\/12080"}],"replies":[{"embeddable":true,"href":"https:\/\/chronik.noblogs.org\/index.php?rest_route=%2Fwp%2Fv2%2Fcomments&post=9333"}],"version-history":[{"count":0,"href":"https:\/\/chronik.noblogs.org\/index.php?rest_route=\/wp\/v2\/posts\/9333\/revisions"}],"wp:attachment":[{"href":"https:\/\/chronik.noblogs.org\/index.php?rest_route=%2Fwp%2Fv2%2Fmedia&parent=9333"}],"wp:term":[{"taxonomy":"category","embeddable":true,"href":"https:\/\/chronik.noblogs.org\/index.php?rest_route=%2Fwp%2Fv2%2Fcategories&post=9333"},{"taxonomy":"post_tag","embeddable":true,"href":"https:\/\/chronik.noblogs.org\/index.php?rest_route=%2Fwp%2Fv2%2Ftags&post=9333"}],"curies":[{"name":"wp","href":"https:\/\/api.w.org\/{rel}","templated":true}]}}