{"id":9199,"date":"2018-10-22T00:00:06","date_gmt":"2018-10-21T22:00:06","guid":{"rendered":"http:\/\/chronik.blackblogs.org\/?p=9199"},"modified":"2018-10-22T00:00:06","modified_gmt":"2018-10-21T22:00:06","slug":"feueralarm-bei-auftritt-von-rainer-wendt-dpolg-ausgeloest","status":"publish","type":"post","link":"https:\/\/chronik.noblogs.org\/?p=9199","title":{"rendered":"Feueralarm bei Auftritt von Rainer Wendt (DPolG) ausgel\u00f6st"},"content":{"rendered":"<p><strong>L\u00fcbeck<\/strong>, 22. Oktober 2018<\/p>\n<blockquote><p>Bei einer Veranstaltung der L\u00fcbecker CDU mit dem Bundesvorsitzenden der Polizeigewerkschaft DPolG kam es am Montagabend im Rathaus zum Abbruch. Junge Leute hatten das Forum mehrfach gest\u00f6rt.<\/p>\n<p>Nach einer Stunde und 20 Minuten, mitten in einer lebhaften Diskussion, war Schluss. Das Rathausforum zum Thema Innere Sicherheit, zu dem die CDU den umstrittenen Bundesvorsitzenden der DPolG, Rainer Wendt, eingeladen hatte, musste wegen eines Feueralarms abgebrochen werden.<!--more--> Der stellte sich sp\u00e4ter als Fehlalarm heraus. Die Polizei traf vor dem Rathaus zehn Personen an, die sie mit den St\u00f6rungen in Verbindung bringt. Die Beamten stellten Personalien fest und sprachen Platzverweise aus. Die Kriminalpolizei ermittelt in dieser Sache unter anderem wegen des Verdachts des Versto\u00dfes gegen das Versammlungsfreiheitsgesetz und des Missbrauchs von Notrufen.<\/p>\n<p>Zuvor hatte die CDU drei Mal junge St\u00f6rer des Raumes verwiesen, die auf ihren Handys lautstark ein Spottlied des Kabarettisten Jan B\u00f6hmermann abgespielt hatten. \u201eWir haben die jungen Leute gebeten zu gehen\u201c, berichtet Fraktionsgesch\u00e4ftsf\u00fchrer Marco Br\u00f6cker, \u201edas haben sie auch getan.\u201c Nach einer Stunde und 20 Minuten h\u00e4tten drei Personen den Saal verlassen und kurz darauf sei der Feueralarm ausgel\u00f6st worden. Die rund 140 Besucher des Forums mussten das Rathaus verlassen, Polizei und Feuerwehr r\u00fcckten an, um das Geb\u00e4ude abzusuchen.<\/p><\/blockquote>\n<p><strong>Quelle<\/strong>: <a href=\"http:\/\/www.ln-online.de\/Lokales\/Luebeck\/Eklat-bei-Auftritt-von-Rainer-Wendt-in-Luebeck-Stoerer-sorgen-fuer-Abbruch\">LN Online<\/a><\/p>\n","protected":false},"excerpt":{"rendered":"<p>L\u00fcbeck, 22. Oktober 2018 Bei einer Veranstaltung der L\u00fcbecker CDU mit dem Bundesvorsitzenden der Polizeigewerkschaft DPolG kam es am Montagabend im Rathaus zum Abbruch. Junge Leute hatten das Forum mehrfach gest\u00f6rt. Nach einer Stunde und 20 Minuten, mitten in einer lebhaften Diskussion, war Schluss. Das Rathausforum zum Thema Innere Sicherheit, zu dem die CDU den [&hellip;]<\/p>\n","protected":false},"author":12080,"featured_media":0,"comment_status":"closed","ping_status":"closed","sticky":false,"template":"","format":"standard","meta":{"footnotes":""},"categories":[2],"tags":[121],"class_list":["post-9199","post","type-post","status-publish","format-standard","hentry","category-de","tag-luebeck"],"_links":{"self":[{"href":"https:\/\/chronik.noblogs.org\/index.php?rest_route=\/wp\/v2\/posts\/9199","targetHints":{"allow":["GET"]}}],"collection":[{"href":"https:\/\/chronik.noblogs.org\/index.php?rest_route=\/wp\/v2\/posts"}],"about":[{"href":"https:\/\/chronik.noblogs.org\/index.php?rest_route=\/wp\/v2\/types\/post"}],"author":[{"embeddable":true,"href":"https:\/\/chronik.noblogs.org\/index.php?rest_route=\/wp\/v2\/users\/12080"}],"replies":[{"embeddable":true,"href":"https:\/\/chronik.noblogs.org\/index.php?rest_route=%2Fwp%2Fv2%2Fcomments&post=9199"}],"version-history":[{"count":0,"href":"https:\/\/chronik.noblogs.org\/index.php?rest_route=\/wp\/v2\/posts\/9199\/revisions"}],"wp:attachment":[{"href":"https:\/\/chronik.noblogs.org\/index.php?rest_route=%2Fwp%2Fv2%2Fmedia&parent=9199"}],"wp:term":[{"taxonomy":"category","embeddable":true,"href":"https:\/\/chronik.noblogs.org\/index.php?rest_route=%2Fwp%2Fv2%2Fcategories&post=9199"},{"taxonomy":"post_tag","embeddable":true,"href":"https:\/\/chronik.noblogs.org\/index.php?rest_route=%2Fwp%2Fv2%2Ftags&post=9199"}],"curies":[{"name":"wp","href":"https:\/\/api.w.org\/{rel}","templated":true}]}}