{"id":8791,"date":"2018-07-07T00:00:56","date_gmt":"2018-07-06T22:00:56","guid":{"rendered":"http:\/\/chronik.blackblogs.org\/?p=8791"},"modified":"2018-07-07T00:00:56","modified_gmt":"2018-07-06T22:00:56","slug":"bundeswehr-lkw-angezuendet","status":"publish","type":"post","link":"https:\/\/chronik.noblogs.org\/?p=8791","title":{"rendered":"Bundeswehr-Lkw angez\u00fcndet"},"content":{"rendered":"<p><strong>Hannover<\/strong>, 7. Juli 2018<\/p>\n<blockquote><p>In der Nacht vom 6. auf den 7. Juli haben wir zwei LKW der Bundeswehr im Industriegebiet Hannover-Hainholz angez\u00fcndet. Beide sind komplett ausgebrannt. Das freut uns.<\/p>\n<p>Mit dieser Aktion wollen wir unsere tiefe Abneigung gegen Militarismus im Allgemeinen und deutsches Kriegsger\u00e4t im Besonderen ausdr\u00fccken. Kriege unter deutscher Beteiligung verfolgen immer neokoloniale Interessen;<!--more--> konkret gesagt die Sicherung des Wohlstandes der einen auf Kosten der anderen. Kriege st\u00e4rken immer patriarchale Gesellschaftsstrukturen und rassistische Trennlinien.<\/p>\n<p>Was hier zerst\u00f6rt wird, kann anderswo keinen Schaden mehr anrichten!<\/p>\n<p>F\u00fcr eine Welt ohne Herrschaft!<\/p>\n<p>Solidarische Gr\u00fc\u00dfe auch an das &#8220;Rheinmetall entwaffnen&#8221;-Camp, das vom 29. August bis zum 4. September in Unterl\u00fc\u00df stattfinden wird!<\/p><\/blockquote>\n<p><strong>Quelle<\/strong>: <a href=\"http:\/\/4sy6ebszykvcv2n6.onion\/node\/23169\">Indymedia<\/a> (Tor)<\/p>\n<p>&nbsp;<\/p>\n<p>&nbsp;<\/p>\n<blockquote><p>Samstagfr\u00fch, 07.07.2018, haben bislang unbekannte T\u00e4ter auf einem Werkstattgel\u00e4nde an der Grambartstra\u00dfe (Hainholz) einen Lkw angez\u00fcndet, wodurch ein weiteres Fahrzeug besch\u00e4digt worden ist. Nun ermittelt die Kripo wegen vors\u00e4tzlicher Brandstiftung und sucht Zeugen.<\/p>\n<p>Nach derzeitigem Ermittlungsstand des Kriminaldauerdienstes hatte ein 55-j\u00e4hriger Zeuge das Feuer gegen 02:45 Uhr bemerkt und den Notruf gew\u00e4hlt. Beim Eintreffen der Feuerwehr stand ein auf dem Firmengel\u00e4nde geparkter Lkw in Vollbrand. Trotz unverz\u00fcglich beginnender L\u00f6scharbeiten brannte das Fahrzeug nahezu vollst\u00e4ndig aus. Ein zweiter Lkw &#8211; beide Wagen werden von der Bundeswehr gehalten &#8211; wurde durch das Feuer am Heck besch\u00e4digt.<\/p>\n<p>Die Ermittler der Kripo gehen davon aus, dass das Feuer an dem Lkw absichtlich gelegt worden ist. Den entstandenen Schaden sch\u00e4tzen sie auf 20 000 Euro.<\/p><\/blockquote>\n<p><strong>Quelle<\/strong>: Polizei<\/p>\n","protected":false},"excerpt":{"rendered":"<p>Hannover, 7. Juli 2018 In der Nacht vom 6. auf den 7. Juli haben wir zwei LKW der Bundeswehr im Industriegebiet Hannover-Hainholz angez\u00fcndet. Beide sind komplett ausgebrannt. Das freut uns. Mit dieser Aktion wollen wir unsere tiefe Abneigung gegen Militarismus im Allgemeinen und deutsches Kriegsger\u00e4t im Besonderen ausdr\u00fccken. Kriege unter deutscher Beteiligung verfolgen immer neokoloniale [&hellip;]<\/p>\n","protected":false},"author":12080,"featured_media":0,"comment_status":"closed","ping_status":"closed","sticky":false,"template":"","format":"standard","meta":{"footnotes":""},"categories":[2],"tags":[91],"class_list":["post-8791","post","type-post","status-publish","format-standard","hentry","category-de","tag-hannover"],"_links":{"self":[{"href":"https:\/\/chronik.noblogs.org\/index.php?rest_route=\/wp\/v2\/posts\/8791","targetHints":{"allow":["GET"]}}],"collection":[{"href":"https:\/\/chronik.noblogs.org\/index.php?rest_route=\/wp\/v2\/posts"}],"about":[{"href":"https:\/\/chronik.noblogs.org\/index.php?rest_route=\/wp\/v2\/types\/post"}],"author":[{"embeddable":true,"href":"https:\/\/chronik.noblogs.org\/index.php?rest_route=\/wp\/v2\/users\/12080"}],"replies":[{"embeddable":true,"href":"https:\/\/chronik.noblogs.org\/index.php?rest_route=%2Fwp%2Fv2%2Fcomments&post=8791"}],"version-history":[{"count":0,"href":"https:\/\/chronik.noblogs.org\/index.php?rest_route=\/wp\/v2\/posts\/8791\/revisions"}],"wp:attachment":[{"href":"https:\/\/chronik.noblogs.org\/index.php?rest_route=%2Fwp%2Fv2%2Fmedia&parent=8791"}],"wp:term":[{"taxonomy":"category","embeddable":true,"href":"https:\/\/chronik.noblogs.org\/index.php?rest_route=%2Fwp%2Fv2%2Fcategories&post=8791"},{"taxonomy":"post_tag","embeddable":true,"href":"https:\/\/chronik.noblogs.org\/index.php?rest_route=%2Fwp%2Fv2%2Ftags&post=8791"}],"curies":[{"name":"wp","href":"https:\/\/api.w.org\/{rel}","templated":true}]}}