{"id":8714,"date":"2018-07-09T00:00:03","date_gmt":"2018-07-08T22:00:03","guid":{"rendered":"http:\/\/chronik.blackblogs.org\/?p=8714"},"modified":"2018-07-09T00:00:03","modified_gmt":"2018-07-08T22:00:03","slug":"arne-schimmer-npd-beklaut","status":"publish","type":"post","link":"https:\/\/chronik.noblogs.org\/?p=8714","title":{"rendered":"Arne Schimmer (NPD) beklaut"},"content":{"rendered":"<p><strong>Dresden<\/strong>, 9. Juli 2018<\/p>\n<blockquote><p>Sp\u00e4testens als am Montagabend Facebook- und Twitteraccounts der einschl\u00e4gigen Neonazi-Szene (NPD Sachsen, NPD Dresden, NPD Voigtland, Gegenlicht, Plauen wehrt sich) &#8220;Unterst\u00fctzt Misson Lifeline, all refugees welcome!&#8221; ver\u00f6ffentlichten, muss Arne Schimmer gemerkt haben, dass er zum Opfer einer antifaschistichen Aktion geworden ist. Am Vormittag, den 9. Juli, hatten aufmerksame Antifaschisten den hochrangigen NPD-Funktion\u00e4r <!--more-->(https:\/\/de.wikipedia.org\/wiki\/Arne_Schimmer) in der Bibliothek erkannt und ihm seinen Computer samt Tasche und SD-Karte abgezogen. Neben Briefen, Rechnungen, Artikeln, Bildern und PDF\u00b4s&nbsp; befindet sich zahlreiches Material der neonazistischen Szene auf dem Arbeitsrechner. Es wird einige Zeit dauern das Material komplett zu sichten und auszuwerten. Sobald dies passiert ist wird es hier ver\u00f6ffentlicht werden. Arne Schimmer, welcher als Redakteur und Autor f\u00fcr einige rechte Zeitschriften (Deutsche Stimme, Gegenlicht, Compact, Sezession,&#8230;) publiziert, d\u00fcrfte damit das Vetrauen (u.a auch vom Institut f\u00fcr Staatspolitik) verloren haben. Seine politische Laufbahn sollte schon jetzt mehr als nachhaltig gesch\u00e4digt sein.<\/p>\n<p>Nazi sein hei\u00dft NICHT entspannt Kaffee trinken gehen.<\/p>\n<p>Sommer, Sonne, Antifa!<\/p>\n<p>P.s: Arne Schimmer freut sich \u00fcber Besuch, Mails und Anrufe &#8211; Arne Schimmer, Ermelstra\u00dfe 13 (EG \/ hinten links), ArnSchimmer@aol.com, Tel.: 0170\/1874207<\/p><\/blockquote>\n<p><strong>Quelle<\/strong>: <a href=\"http:\/\/4sy6ebszykvcv2n6.onion\/node\/22742\">Indymedia<\/a> (Tor)<\/p>\n","protected":false},"excerpt":{"rendered":"<p>Dresden, 9. Juli 2018 Sp\u00e4testens als am Montagabend Facebook- und Twitteraccounts der einschl\u00e4gigen Neonazi-Szene (NPD Sachsen, NPD Dresden, NPD Voigtland, Gegenlicht, Plauen wehrt sich) &#8220;Unterst\u00fctzt Misson Lifeline, all refugees welcome!&#8221; ver\u00f6ffentlichten, muss Arne Schimmer gemerkt haben, dass er zum Opfer einer antifaschistichen Aktion geworden ist. Am Vormittag, den 9. Juli, hatten aufmerksame Antifaschisten den hochrangigen [&hellip;]<\/p>\n","protected":false},"author":12080,"featured_media":0,"comment_status":"closed","ping_status":"closed","sticky":false,"template":"","format":"standard","meta":{"footnotes":""},"categories":[2],"tags":[52],"class_list":["post-8714","post","type-post","status-publish","format-standard","hentry","category-de","tag-dresden"],"_links":{"self":[{"href":"https:\/\/chronik.noblogs.org\/index.php?rest_route=\/wp\/v2\/posts\/8714","targetHints":{"allow":["GET"]}}],"collection":[{"href":"https:\/\/chronik.noblogs.org\/index.php?rest_route=\/wp\/v2\/posts"}],"about":[{"href":"https:\/\/chronik.noblogs.org\/index.php?rest_route=\/wp\/v2\/types\/post"}],"author":[{"embeddable":true,"href":"https:\/\/chronik.noblogs.org\/index.php?rest_route=\/wp\/v2\/users\/12080"}],"replies":[{"embeddable":true,"href":"https:\/\/chronik.noblogs.org\/index.php?rest_route=%2Fwp%2Fv2%2Fcomments&post=8714"}],"version-history":[{"count":0,"href":"https:\/\/chronik.noblogs.org\/index.php?rest_route=\/wp\/v2\/posts\/8714\/revisions"}],"wp:attachment":[{"href":"https:\/\/chronik.noblogs.org\/index.php?rest_route=%2Fwp%2Fv2%2Fmedia&parent=8714"}],"wp:term":[{"taxonomy":"category","embeddable":true,"href":"https:\/\/chronik.noblogs.org\/index.php?rest_route=%2Fwp%2Fv2%2Fcategories&post=8714"},{"taxonomy":"post_tag","embeddable":true,"href":"https:\/\/chronik.noblogs.org\/index.php?rest_route=%2Fwp%2Fv2%2Ftags&post=8714"}],"curies":[{"name":"wp","href":"https:\/\/api.w.org\/{rel}","templated":true}]}}