{"id":8290,"date":"2018-04-28T00:00:18","date_gmt":"2018-04-27T22:00:18","guid":{"rendered":"http:\/\/chronik.blackblogs.org\/?p=8290"},"modified":"2018-04-28T00:00:18","modified_gmt":"2018-04-27T22:00:18","slug":"steine-gegen-ditib-verein","status":"publish","type":"post","link":"https:\/\/chronik.noblogs.org\/?p=8290","title":{"rendered":"Steine gegen DITIB-Verein"},"content":{"rendered":"<p><strong><a href=\"https:\/\/chronik.blackblogs.org\/wp-content\/uploads\/sites\/109\/2018\/04\/26758.jpg\"><img loading=\"lazy\" decoding=\"async\" class=\"alignright size-medium wp-image-8291\" src=\"https:\/\/chronik.blackblogs.org\/wp-content\/uploads\/sites\/109\/2018\/04\/26758-300x169.jpg\" alt=\"\" width=\"300\" height=\"169\"><\/a>Berlin<\/strong>, 28. April 2018<\/p>\n<blockquote><p>Vergangene Nacht haben unsere Maisteine ihren Weg in den DITIB-Verein &#8220;Osman Gazi Camii&#8221; in der Nehringstra\u00dfe\/Charlottenburg gefunden. Zus\u00e4tzlich wurde mit Farbe #fight4afrin an der Fassade hinterlassen. Wir haben DITIB als den Arm Recep Erdo\u011fans in der BRD angegriffen und als den reaktion\u00e4ren Verband als der sie bekannt sind. Bezug nehmen wir auf die fight4afrin-Kampange und die Maisteine-Tage. Heraus zur 1.Mai-Demo am Oranienplatz und auf zu einer anderen Welt!<\/p><\/blockquote>\n<p><strong>Quelle<\/strong>: <a href=\"http:\/\/4sy6ebszykvcv2n6.onion\/node\/20410\">Indymedia<\/a> (Tor)<\/p>\n","protected":false},"excerpt":{"rendered":"<p>Berlin, 28. April 2018 Vergangene Nacht haben unsere Maisteine ihren Weg in den DITIB-Verein &#8220;Osman Gazi Camii&#8221; in der Nehringstra\u00dfe\/Charlottenburg gefunden. Zus\u00e4tzlich wurde mit Farbe #fight4afrin an der Fassade hinterlassen. Wir haben DITIB als den Arm Recep Erdo\u011fans in der BRD angegriffen und als den reaktion\u00e4ren Verband als der sie bekannt sind. Bezug nehmen wir [&hellip;]<\/p>\n","protected":false},"author":12080,"featured_media":0,"comment_status":"closed","ping_status":"closed","sticky":false,"template":"","format":"standard","meta":{"footnotes":""},"categories":[2],"tags":[24],"class_list":["post-8290","post","type-post","status-publish","format-standard","hentry","category-de","tag-berlin"],"_links":{"self":[{"href":"https:\/\/chronik.noblogs.org\/index.php?rest_route=\/wp\/v2\/posts\/8290","targetHints":{"allow":["GET"]}}],"collection":[{"href":"https:\/\/chronik.noblogs.org\/index.php?rest_route=\/wp\/v2\/posts"}],"about":[{"href":"https:\/\/chronik.noblogs.org\/index.php?rest_route=\/wp\/v2\/types\/post"}],"author":[{"embeddable":true,"href":"https:\/\/chronik.noblogs.org\/index.php?rest_route=\/wp\/v2\/users\/12080"}],"replies":[{"embeddable":true,"href":"https:\/\/chronik.noblogs.org\/index.php?rest_route=%2Fwp%2Fv2%2Fcomments&post=8290"}],"version-history":[{"count":0,"href":"https:\/\/chronik.noblogs.org\/index.php?rest_route=\/wp\/v2\/posts\/8290\/revisions"}],"wp:attachment":[{"href":"https:\/\/chronik.noblogs.org\/index.php?rest_route=%2Fwp%2Fv2%2Fmedia&parent=8290"}],"wp:term":[{"taxonomy":"category","embeddable":true,"href":"https:\/\/chronik.noblogs.org\/index.php?rest_route=%2Fwp%2Fv2%2Fcategories&post=8290"},{"taxonomy":"post_tag","embeddable":true,"href":"https:\/\/chronik.noblogs.org\/index.php?rest_route=%2Fwp%2Fv2%2Ftags&post=8290"}],"curies":[{"name":"wp","href":"https:\/\/api.w.org\/{rel}","templated":true}]}}