{"id":8251,"date":"2018-04-03T00:00:18","date_gmt":"2018-04-02T22:00:18","guid":{"rendered":"http:\/\/chronik.blackblogs.org\/?p=8251"},"modified":"2018-04-03T00:00:18","modified_gmt":"2018-04-02T22:00:18","slug":"pietre-ad-auto-della-polizia","status":"publish","type":"post","link":"https:\/\/chronik.noblogs.org\/?p=8251","title":{"rendered":"Pietre ad auto della polizia"},"content":{"rendered":"<p><strong><a href=\"https:\/\/chronik.blackblogs.org\/wp-content\/uploads\/sites\/109\/2018\/04\/kap.png\"><img loading=\"lazy\" decoding=\"async\" class=\"alignright size-medium wp-image-7971\" src=\"https:\/\/chronik.blackblogs.org\/wp-content\/uploads\/sites\/109\/2018\/04\/kap-300x146.png\" alt=\"\" width=\"300\" height=\"146\"><\/a>Berlino (Berlin)<\/strong>, 28+30 marzo + 2 e 3 aprile 2018<\/p>\n<blockquote><p>Il quartiere nord di Friedrichshain rimane irrequieto: Nella notte a luned\u00ec di pasqua, ignoti attaccarono due vetture della polizia con le pietre. (&#8230;). Poco dopo mezzanotte ignoti lanciarono circa 30 sampietrini a due vetture operative di una centuria della celere che si fermarono all&#8217;incrocio. Gli agenti allontanarono in fretta le vetture che furono danneggiate in varie parti. Colpite anche quattro auto parcheggiate nelle vicinanze. Gli autori poterono fuggire e di come si dice le pietre volarono dai tetti delle case Rigaer Stra\u00dfe 12 e 13, ubicate di fronte alla \u201eRigaer 94\u201c. (&#8230;).<!--more--><br \/>\nAttorno alla Rigaer Stra\u00dfe si susseguono gli scontri tra polizia e estremisti di sinistra, la situazione nel vicinato \u00e8 tesa. Per ultimo era nella notte a mercoled\u00ec che volarono delle pietre sugli agenti,&nbsp; gioved\u00ec santo fu arrestato un uomo dell&#8217;ambiente della \u201eRigaer 94\u201c. \u00c8 accusato di due fatti violenti.<\/p><\/blockquote>\n<p><strong>Fonte<\/strong>: <a href=\"https:\/\/www.tagesspiegel.de\/berlin\/polizei-justiz\/berlin-friedrichshain-wieder-steinwuerfe-auf-polizeiautos-in-der-rigaer-strasse\/21133392.html\">Tagesspiegel, trad mc<\/a><\/p>\n<p>&nbsp;<\/p>\n<blockquote><p>Solo pochi giorni dopo un attacco massiccio con le pietre a vetture di polizia, ecco che di nuovo (3.4.2018) nella Rigaer Stra\u00dfe a Friedrichshain fu attaccata un&#8217;auto con tre agenti.<br \/>\nSecondo la polizia, marted\u00ec sera i tre poliziotti pattugliavano come al solito con la volante quando all&#8217;improvviso un oggetto colpiva il parabrezza.<br \/>\nIl conducente portava l&#8217;auto operativa fuori dalla zona di pericolo e dei colleghi allarmati cercarono l&#8217;oggetto ma non riuscirono a trovare nulla.<\/p><\/blockquote>\n<p><strong>Fonte<\/strong>: <a href=\"https:\/\/www.bz-berlin.de\/berlin\/friedrichshain-kreuzberg\/erneuter-stein-angriff-polizeiauto-in-der-rigaer-strasse-attackiert\">B.Z. trad. mc<\/a><\/p>\n<p>&nbsp;<\/p>\n<blockquote><p>Polizeimeldung vom 28.03.2018<br \/>\nFriedrichshain-Kreuzberg<br \/>\nNr. 0689<br \/>\nMit Steinen beworfen wurde in der vergangenen Nacht ein Fahrzeug der Polizei in Friedrichshain. Gegen 1 Uhr hielt das Fahrzeug einer Einsatzhundertschaft an der Kreuzung Rigaer Stra\u00dfe Ecke Liebigstra\u00dfe, als Unbekannte das Heck und die rechte Seite des Wagens mit Mauer- und Pflastersteinen bewarfen. Um weitere Angriffe zu verhindern, startete der Fahrer den Motor und fuhr den Einsatzwagen aus dem Gefahrenbereich. Dort stellten die Beamten fest, dass der Gruppenwagen an mehreren Stellen besch\u00e4digt wurde. Zur\u00fcck am Tatort sicherten die Einsatzkr\u00e4fte diverse Steine als Beweismittel, die T\u00e4ter waren gefl\u00fcchtet. Die eingesetzten Polizeikr\u00e4fte wurden nicht verletzt. Die Ermittlungen f\u00fchrt der Polizeiliche Staatsschutz beim Landeskriminalamt.<\/p><\/blockquote>\n<p><strong>Quelle<\/strong>: Polizei<\/p>\n<p>&nbsp;<\/p>\n<blockquote><p>Polizeifahrzeug mit Steinen beworfen<br \/>\nPolizeimeldung vom 30.03.2018<br \/>\nFriedrichshain-Kreuzberg<br \/>\nNr. 0703<br \/>\nIn der vergangenen Nacht bewarfen Unbekannte in Friedrichshain einen Gruppenwagen mit einem Stein. Kurz vor 23 Uhr stand das Fahrzeug in der Rigaer Stra\u00dfe Ecke Liebigstra\u00dfe, als Einsatzkr\u00e4fte auf dem Dach des Wagens einen Einschlag wahrnahmen. Insgesamt drei Steine wurden anschlie\u00dfend um das Fahrzeug herum festgestellt. Verletzt wurde niemand. Die Ermittlungen f\u00fchrt der Polizeiliche Staatsschutz beim Landeskriminalamt Berlin.<\/p><\/blockquote>\n<p><strong>Quelle<\/strong>: Polizei<\/p>\n","protected":false},"excerpt":{"rendered":"<p>Berlino (Berlin), 28+30 marzo + 2 e 3 aprile 2018 Il quartiere nord di Friedrichshain rimane irrequieto: Nella notte a luned\u00ec di pasqua, ignoti attaccarono due vetture della polizia con le pietre. (&#8230;). Poco dopo mezzanotte ignoti lanciarono circa 30 sampietrini a due vetture operative di una centuria della celere che si fermarono all&#8217;incrocio. Gli [&hellip;]<\/p>\n","protected":false},"author":12080,"featured_media":0,"comment_status":"closed","ping_status":"closed","sticky":false,"template":"","format":"standard","meta":{"footnotes":""},"categories":[6],"tags":[24],"class_list":["post-8251","post","type-post","status-publish","format-standard","hentry","category-it","tag-berlin"],"_links":{"self":[{"href":"https:\/\/chronik.noblogs.org\/index.php?rest_route=\/wp\/v2\/posts\/8251","targetHints":{"allow":["GET"]}}],"collection":[{"href":"https:\/\/chronik.noblogs.org\/index.php?rest_route=\/wp\/v2\/posts"}],"about":[{"href":"https:\/\/chronik.noblogs.org\/index.php?rest_route=\/wp\/v2\/types\/post"}],"author":[{"embeddable":true,"href":"https:\/\/chronik.noblogs.org\/index.php?rest_route=\/wp\/v2\/users\/12080"}],"replies":[{"embeddable":true,"href":"https:\/\/chronik.noblogs.org\/index.php?rest_route=%2Fwp%2Fv2%2Fcomments&post=8251"}],"version-history":[{"count":0,"href":"https:\/\/chronik.noblogs.org\/index.php?rest_route=\/wp\/v2\/posts\/8251\/revisions"}],"wp:attachment":[{"href":"https:\/\/chronik.noblogs.org\/index.php?rest_route=%2Fwp%2Fv2%2Fmedia&parent=8251"}],"wp:term":[{"taxonomy":"category","embeddable":true,"href":"https:\/\/chronik.noblogs.org\/index.php?rest_route=%2Fwp%2Fv2%2Fcategories&post=8251"},{"taxonomy":"post_tag","embeddable":true,"href":"https:\/\/chronik.noblogs.org\/index.php?rest_route=%2Fwp%2Fv2%2Ftags&post=8251"}],"curies":[{"name":"wp","href":"https:\/\/api.w.org\/{rel}","templated":true}]}}