{"id":7997,"date":"2018-04-02T00:00:16","date_gmt":"2018-04-01T22:00:16","guid":{"rendered":"http:\/\/chronik.blackblogs.org\/?p=7997"},"modified":"2018-04-02T00:00:16","modified_gmt":"2018-04-01T22:00:16","slug":"glasbruch-und-farbe-gegen-commerzbank","status":"publish","type":"post","link":"https:\/\/chronik.noblogs.org\/?p=7997","title":{"rendered":"Glasbruch und Farbe gegen Commerzbank"},"content":{"rendered":"<p><strong><a href=\"https:\/\/chronik.blackblogs.org\/wp-content\/uploads\/sites\/109\/2018\/04\/comm.jpg\"><img loading=\"lazy\" decoding=\"async\" class=\"alignright size-medium wp-image-7998\" src=\"https:\/\/chronik.blackblogs.org\/wp-content\/uploads\/sites\/109\/2018\/04\/comm-300x225.jpg\" alt=\"\" width=\"300\" height=\"225\"><\/a>Leipzig<\/strong>, 2. April 2018<\/p>\n<blockquote><p>Inspiriert von den Anschl\u00e4gen der vergangenen Woche (1) traf es in der vergangenen Nacht die Commerzbank in der Landsberger Stra\u00dfe. Wir haben die Scheiben bearbeitet und Farbe an der Fassade hinterlassen. Zum Kontext sei auf das Schreiben der Genoss*innen (1) verwiesen.<\/p>\n<p>Mit angestauter Wut erwarten wir den Faschisten Erdogan, um seinen kommenden Besuch in Berlin zum Desaster zu machen.<br \/>\nMit Hoffnung verfolgen wir die internationale Solidarit\u00e4t mit der Revolution in Rojava, Nordsyrien.<br \/>\n<!--more--><br \/>\nDeswegen haben wir uns den vielf\u00e4ltigen Aktionen in der j\u00fcngeren Vergangenheit angeschlossen:<\/p>\n<p>*Afrin?!*<\/p>\n<p>Von weiten Teilen der Presse wird Afrin nicht behandelt und wenn, dann ohne eine ernsthafte Kritik am Angriffskrieg der T\u00fcrkei zu \u00fcben.<br \/>\nDas gleichzeitige Schweigen der Bundesregierung, sowie ihre Unterst\u00fctzung des Faschisten Erdogan werden meist nicht erw\u00e4hnt.<\/p>\n<p>Unsere Leipziger &#8220;Volkszeitung&#8221; hat sich mit ihren relativierenden oder gar fehlenden Berichten \u00fcber die lokalen Proteste auch mal wieder nicht mit Ruhm bekleckert&#8230;<\/p>\n<p>*Erdogan kommt &#8211; Tag X*<\/p>\n<p>Der t\u00fcrkische Despot hat anl\u00e4sslich der deutschen Regierungsbildung seinen Besuch in Berlin angek\u00fcndigt.<\/p>\n<p>Wir rufen alle freiheitlich denkenden Menschen dazu auf, zu diesem Anlass auf die Stra\u00dfe zu gehen und zu zeigen, dass wir den deutschen Kuschelkurs mit dem m\u00f6rderischen Regime Erdogans nicht hinnehmen!<\/p>\n<p>Wir m\u00f6chten all jenen unsere Liebe bekunden, die f\u00fcr eine befreite und selbstbestimmte Gesellschaft k\u00e4mpfen.<br \/>\nDer Kampf um Befreiung bleibt international!<\/p>\n<p>Vielleicht machen sich auch ein paar der Medienvertreter*innen an eine kritische Betrachtung des anstehenden Besuchs von Erdogan (2).<\/p>\n<p>*Bleibt informiert*<\/p>\n<p>Nachrichten von der Bewegung: https:\/\/anfdeutsch.com<br \/>\nHintergr\u00fcnde zu Verantwortlichen und Verdienenden: https:\/\/fight4afrin.noblogs.org<br \/>\nAktionen in Deutschland: http:\/\/tatortkurdistan.blogsport.de\/<\/p>\n<p>Afrin ist gefallen &#8211; doch die Revolution lebt!<br \/>\nBij\u00ee Rojava!<br \/>\nBij\u00ee YPJ\/YPG!<\/p>\n<p>(1) https:\/\/de.indymedia.org\/node\/19265 &#8211; &#8220;(LE) Angriffe gegen Deutsche Bank, Commerzbank und Allianz: fight4afrin&#8221;<br \/>\n(2) https:\/\/de.indymedia.org\/node\/19096 &#8211; &#8220;Berlin: Aufruf zum Tag X \u2013 des Besuchs von Erdogan&#8221;<\/p><\/blockquote>\n<p><strong>Quelle<\/strong>: Indymedia<\/p>\n","protected":false},"excerpt":{"rendered":"<p>Leipzig, 2. April 2018 Inspiriert von den Anschl\u00e4gen der vergangenen Woche (1) traf es in der vergangenen Nacht die Commerzbank in der Landsberger Stra\u00dfe. Wir haben die Scheiben bearbeitet und Farbe an der Fassade hinterlassen. Zum Kontext sei auf das Schreiben der Genoss*innen (1) verwiesen. Mit angestauter Wut erwarten wir den Faschisten Erdogan, um seinen [&hellip;]<\/p>\n","protected":false},"author":12080,"featured_media":0,"comment_status":"closed","ping_status":"closed","sticky":false,"template":"","format":"standard","meta":{"footnotes":""},"categories":[2],"tags":[124],"class_list":["post-7997","post","type-post","status-publish","format-standard","hentry","category-de","tag-leipzig"],"_links":{"self":[{"href":"https:\/\/chronik.noblogs.org\/index.php?rest_route=\/wp\/v2\/posts\/7997","targetHints":{"allow":["GET"]}}],"collection":[{"href":"https:\/\/chronik.noblogs.org\/index.php?rest_route=\/wp\/v2\/posts"}],"about":[{"href":"https:\/\/chronik.noblogs.org\/index.php?rest_route=\/wp\/v2\/types\/post"}],"author":[{"embeddable":true,"href":"https:\/\/chronik.noblogs.org\/index.php?rest_route=\/wp\/v2\/users\/12080"}],"replies":[{"embeddable":true,"href":"https:\/\/chronik.noblogs.org\/index.php?rest_route=%2Fwp%2Fv2%2Fcomments&post=7997"}],"version-history":[{"count":0,"href":"https:\/\/chronik.noblogs.org\/index.php?rest_route=\/wp\/v2\/posts\/7997\/revisions"}],"wp:attachment":[{"href":"https:\/\/chronik.noblogs.org\/index.php?rest_route=%2Fwp%2Fv2%2Fmedia&parent=7997"}],"wp:term":[{"taxonomy":"category","embeddable":true,"href":"https:\/\/chronik.noblogs.org\/index.php?rest_route=%2Fwp%2Fv2%2Fcategories&post=7997"},{"taxonomy":"post_tag","embeddable":true,"href":"https:\/\/chronik.noblogs.org\/index.php?rest_route=%2Fwp%2Fv2%2Ftags&post=7997"}],"curies":[{"name":"wp","href":"https:\/\/api.w.org\/{rel}","templated":true}]}}