{"id":7994,"date":"2018-03-29T00:00:26","date_gmt":"2018-03-28T22:00:26","guid":{"rendered":"http:\/\/chronik.blackblogs.org\/?p=7994"},"modified":"2018-03-29T00:00:26","modified_gmt":"2018-03-28T22:00:26","slug":"hakenkreuz-aus-kirchenglocke-geflext","status":"publish","type":"post","link":"https:\/\/chronik.noblogs.org\/?p=7994","title":{"rendered":"Hakenkreuz aus Kirchenglocke geflext"},"content":{"rendered":"<p><strong><a href=\"https:\/\/chronik.blackblogs.org\/wp-content\/uploads\/sites\/109\/2018\/04\/glocke.jpg\"><img loading=\"lazy\" decoding=\"async\" class=\"alignright size-medium wp-image-7995\" src=\"https:\/\/chronik.blackblogs.org\/wp-content\/uploads\/sites\/109\/2018\/04\/glocke-300x223.jpg\" alt=\"\" width=\"300\" height=\"223\"><\/a>Schweringen<\/strong>, 29. M\u00e4rz 2018<\/p>\n<blockquote><p>Wie bereits berichtet haben Unbekannte vor Ostern das Hakenkreuz aus der Schweringer Glocke geflext. Die Evangelisch-lutherische Landeskirche Hannover hat hierzu nun Stellung genommen.<\/p>\n<p>Am Abend des Gr\u00fcndonnerstags, 29.03.2018, setzte der f\u00fcr die Kapellengemeinde Schweringen zust\u00e4ndige Pastor Axel Hellwege aus Balge den Superintendenten des Kirchenkreises Nienburg, Martin Lechler, \u00fcber folgenden Vorgang in Kenntnis: Er habe am Donnerstagabend entdeckt, dass von der Glocke im Glockenturm der Schweringer Kapelle das Hakenkreuz wie auch der Schriftzug \u201edies Kreuz gab Gelingen half Zwietracht bezwingen&#8221; entfernt worden seien. An der Kapellent\u00fcr hing ein Bekennerschreiben.<br \/>\n<!--more--><br \/>\nDie Evangelisch-lutherische Landeskirche Hannovers pr\u00fcft aktuell, wie mit der Sachbesch\u00e4digung der Glocke umzugehen ist. Zudem wird ein Sachverst\u00e4ndiger untersuchen, inwieweit die Besch\u00e4digung den Klang der Glocke ver\u00e4ndert.<br \/>\nSorgf\u00e4ltig pr\u00fcfen, welche rechtlichen Schritte zu ergreifen sind<\/p>\n<p>Dr. Petra Bahr (Hannover), Landessuperintendentin f\u00fcr den Sprengel Hannover, zu dem auch Schweringen geh\u00f6rt, sagt: \u201eDie Gemeindeglieder und die Verantwortlichen in der Kirchengemeinde, aber auch der gesamte Ort Schweringen haben in den letzten Wochen und Monaten sehr intensiv \u00fcber den weiteren Umgang mit der Glocke diskutiert. Aufgrund des langwierigen Diskussionsprozesses und der strittigen Entscheidung, die Glocke weiterl\u00e4uten zu lassen, kann ich einerseits nachvollziehen, wenn jetzt Fakten geschaffen worden sind. Andererseits sehe ich die Verantwortlichen in der Kapellengemeinde unver\u00e4ndert in der Pflicht, die Aufarbeitung der Geschichte der Schweringer Kirchenglocke weiterzuf\u00fchren. Als Landeskirche werden wir jetzt sorgf\u00e4ltig pr\u00fcfen, ob und ggf. welche rechtlichen Schritte jetzt zu ergreifen sind.\u201c<\/p>\n<p>Kurze \u00dcbersicht der bisherigen Ereignisse<\/p>\n<p><a href=\"https:\/\/chronik.blackblogs.org\/wp-content\/uploads\/sites\/109\/2018\/03\/glock.jpg\"><img loading=\"lazy\" decoding=\"async\" class=\"alignright size-medium wp-image-8140\" src=\"https:\/\/chronik.blackblogs.org\/wp-content\/uploads\/sites\/109\/2018\/03\/glock-300x169.jpg\" alt=\"\" width=\"300\" height=\"169\"><\/a>Im September 2017 wurde bekannt, dass im Turm der Kreuz-Kirche in Schweringen eine Glocke mit Hakenkreuz und nationalsozialistischer Inschrift h\u00e4ngt. Die Kirchengemeinde hatte daraufhin die Glocke vorl\u00e4ufig au\u00dfer Betrieb gesetzt, was im Ort und dar\u00fcber hinaus f\u00fcr Diskussionen sorgte.<\/p>\n<p>Am 14. M\u00e4rz 2018 beschlie\u00dft der Kirchenvorstand der Kirchengemeinde Balge, zu der die Kapellengemeinde Schweringen geh\u00f6rt, die Glocke wieder in Betrieb zu nehmen.<\/p>\n<p>Am 16. M\u00e4rz 2018 beanstandet der zust\u00e4ndige Pastor Jann-Axel Hellwege den Beschluss zur Aufhebung der Stilllegung sowie den Beschluss, die Glocke nicht zu ersetzen und macht Verfahrensfehler geltend. Die Beanstandung hat zur Folge, dass der Beschluss, die Glocke wieder in Betrieb zu nehmen, vorerst nicht ausgef\u00fchrt werden kann. Die Stilllegung der Glocke bleibt daher bis zur abschlie\u00dfenden Kl\u00e4rung des Beanstandungsverfahrens bestehen.<\/p>\n<p>Das Beanstandungsverfahren l\u00e4uft zum gegenw\u00e4rtigen Zeitpunkt noch.<\/p><\/blockquote>\n<p><strong>Quelle<\/strong>: <a href=\"https:\/\/www.dieharke.de\/Lokales\/Lokalnachrichten-6\/65719\/Hakenkreuz_aus_Glocke_geflext.html\">Die Harke<\/a><\/p>\n","protected":false},"excerpt":{"rendered":"<p>Schweringen, 29. M\u00e4rz 2018 Wie bereits berichtet haben Unbekannte vor Ostern das Hakenkreuz aus der Schweringer Glocke geflext. Die Evangelisch-lutherische Landeskirche Hannover hat hierzu nun Stellung genommen. Am Abend des Gr\u00fcndonnerstags, 29.03.2018, setzte der f\u00fcr die Kapellengemeinde Schweringen zust\u00e4ndige Pastor Axel Hellwege aus Balge den Superintendenten des Kirchenkreises Nienburg, Martin Lechler, \u00fcber folgenden Vorgang in [&hellip;]<\/p>\n","protected":false},"author":12080,"featured_media":0,"comment_status":"closed","ping_status":"closed","sticky":false,"template":"","format":"standard","meta":{"footnotes":""},"categories":[2],"tags":[256],"class_list":["post-7994","post","type-post","status-publish","format-standard","hentry","category-de","tag-schweringen"],"_links":{"self":[{"href":"https:\/\/chronik.noblogs.org\/index.php?rest_route=\/wp\/v2\/posts\/7994","targetHints":{"allow":["GET"]}}],"collection":[{"href":"https:\/\/chronik.noblogs.org\/index.php?rest_route=\/wp\/v2\/posts"}],"about":[{"href":"https:\/\/chronik.noblogs.org\/index.php?rest_route=\/wp\/v2\/types\/post"}],"author":[{"embeddable":true,"href":"https:\/\/chronik.noblogs.org\/index.php?rest_route=\/wp\/v2\/users\/12080"}],"replies":[{"embeddable":true,"href":"https:\/\/chronik.noblogs.org\/index.php?rest_route=%2Fwp%2Fv2%2Fcomments&post=7994"}],"version-history":[{"count":0,"href":"https:\/\/chronik.noblogs.org\/index.php?rest_route=\/wp\/v2\/posts\/7994\/revisions"}],"wp:attachment":[{"href":"https:\/\/chronik.noblogs.org\/index.php?rest_route=%2Fwp%2Fv2%2Fmedia&parent=7994"}],"wp:term":[{"taxonomy":"category","embeddable":true,"href":"https:\/\/chronik.noblogs.org\/index.php?rest_route=%2Fwp%2Fv2%2Fcategories&post=7994"},{"taxonomy":"post_tag","embeddable":true,"href":"https:\/\/chronik.noblogs.org\/index.php?rest_route=%2Fwp%2Fv2%2Ftags&post=7994"}],"curies":[{"name":"wp","href":"https:\/\/api.w.org\/{rel}","templated":true}]}}