{"id":7851,"date":"2018-03-14T00:00:05","date_gmt":"2018-03-13T22:00:05","guid":{"rendered":"http:\/\/chronik.blackblogs.org\/?p=7851"},"modified":"2018-03-14T00:00:05","modified_gmt":"2018-03-13T22:00:05","slug":"glasbruch-bei-deutsche-bank-filiale","status":"publish","type":"post","link":"https:\/\/chronik.noblogs.org\/?p=7851","title":{"rendered":"Glasbruch bei Deutsche Bank-Filiale"},"content":{"rendered":"<p><strong>Frankfurt am Main<\/strong>, 14. M\u00e4rz 2018<\/p>\n<blockquote><p>Wir haben in der Nacht vom 13. auf den 14. M\u00e4rz bei einer Deutschen Bank-Filiale in Frankfurt-Bockenheim alle Scheiben zerst\u00f6rt und die Schriftz\u00fcge<\/p>\n<p>&#8220;Fight for Afrin&#8221; und &#8220;Fight Rheinmetall&#8221; hinterlassen, sowie eine kleine Barrikade auf der Stra\u00dfe errichtet.<br \/>\n<!--more--><br \/>\nDie Deutsche Bank ist ein Investor des R\u00fcstungskonzerns Rheinmetall, der u.a. Waffen an die faschistische T\u00fcrkei liefert, mit denen in Kurdistan Bev\u00f6lkerung und revolution\u00e4re Kr\u00e4fte massakriert werden.<\/p>\n<p>Die Deutsche Bank finanziert den Krieg in Afrin mit und zieht ihre Profite daraus.<\/p>\n<p>Alle Besatzer raus aus Kurdistan!<br \/>\nFight R\u00fcstungsindustrie und deren Investoren!<br \/>\nFight for Afrin!<\/p><\/blockquote>\n<p><strong>Quelle<\/strong>: Indymedia<\/p>\n","protected":false},"excerpt":{"rendered":"<p>Frankfurt am Main, 14. M\u00e4rz 2018 Wir haben in der Nacht vom 13. auf den 14. M\u00e4rz bei einer Deutschen Bank-Filiale in Frankfurt-Bockenheim alle Scheiben zerst\u00f6rt und die Schriftz\u00fcge &#8220;Fight for Afrin&#8221; und &#8220;Fight Rheinmetall&#8221; hinterlassen, sowie eine kleine Barrikade auf der Stra\u00dfe errichtet.<\/p>\n","protected":false},"author":12080,"featured_media":0,"comment_status":"closed","ping_status":"closed","sticky":false,"template":"","format":"standard","meta":{"footnotes":""},"categories":[2],"tags":[68],"class_list":["post-7851","post","type-post","status-publish","format-standard","hentry","category-de","tag-frankfurt-am-main"],"_links":{"self":[{"href":"https:\/\/chronik.noblogs.org\/index.php?rest_route=\/wp\/v2\/posts\/7851","targetHints":{"allow":["GET"]}}],"collection":[{"href":"https:\/\/chronik.noblogs.org\/index.php?rest_route=\/wp\/v2\/posts"}],"about":[{"href":"https:\/\/chronik.noblogs.org\/index.php?rest_route=\/wp\/v2\/types\/post"}],"author":[{"embeddable":true,"href":"https:\/\/chronik.noblogs.org\/index.php?rest_route=\/wp\/v2\/users\/12080"}],"replies":[{"embeddable":true,"href":"https:\/\/chronik.noblogs.org\/index.php?rest_route=%2Fwp%2Fv2%2Fcomments&post=7851"}],"version-history":[{"count":0,"href":"https:\/\/chronik.noblogs.org\/index.php?rest_route=\/wp\/v2\/posts\/7851\/revisions"}],"wp:attachment":[{"href":"https:\/\/chronik.noblogs.org\/index.php?rest_route=%2Fwp%2Fv2%2Fmedia&parent=7851"}],"wp:term":[{"taxonomy":"category","embeddable":true,"href":"https:\/\/chronik.noblogs.org\/index.php?rest_route=%2Fwp%2Fv2%2Fcategories&post=7851"},{"taxonomy":"post_tag","embeddable":true,"href":"https:\/\/chronik.noblogs.org\/index.php?rest_route=%2Fwp%2Fv2%2Ftags&post=7851"}],"curies":[{"name":"wp","href":"https:\/\/api.w.org\/{rel}","templated":true}]}}