{"id":7738,"date":"2018-03-09T00:00:29","date_gmt":"2018-03-08T22:00:29","guid":{"rendered":"http:\/\/chronik.blackblogs.org\/?p=7738"},"modified":"2018-03-09T00:00:29","modified_gmt":"2018-03-08T22:00:29","slug":"auto-eines-tuerkischen-nationalisten-angezuendet","status":"publish","type":"post","link":"https:\/\/chronik.noblogs.org\/?p=7738","title":{"rendered":"Auto eines t\u00fcrkischen Nationalisten angez\u00fcndet"},"content":{"rendered":"<p><strong>Hamburg<\/strong>, 9. M\u00e4rz 2018<\/p>\n<blockquote><p>Afrin ist \u00dcberall, \u00dcberall ist Widerstand<\/p>\n<p>Wir haben in der Nacht vom 8. auf den 9. M\u00e4rz das Auto eines t\u00fcrkischen Nationalisten in Hamburg WIlhelmsburg in Brand gesetzt.<\/p>\n<p>Damit nehmen wir Bezug auf den Aufruf der Autonomen Gruppen, Afrin militant zu verteidigen.<\/p><\/blockquote>\n<p><strong>Quelle<\/strong>: Indymedia<\/p>\n","protected":false},"excerpt":{"rendered":"<p>Hamburg, 9. M\u00e4rz 2018 Afrin ist \u00dcberall, \u00dcberall ist Widerstand Wir haben in der Nacht vom 8. auf den 9. M\u00e4rz das Auto eines t\u00fcrkischen Nationalisten in Hamburg WIlhelmsburg in Brand gesetzt. Damit nehmen wir Bezug auf den Aufruf der Autonomen Gruppen, Afrin militant zu verteidigen. Quelle: Indymedia<\/p>\n","protected":false},"author":12080,"featured_media":0,"comment_status":"closed","ping_status":"closed","sticky":false,"template":"","format":"standard","meta":{"footnotes":""},"categories":[2],"tags":[88],"class_list":["post-7738","post","type-post","status-publish","format-standard","hentry","category-de","tag-hamburg"],"_links":{"self":[{"href":"https:\/\/chronik.noblogs.org\/index.php?rest_route=\/wp\/v2\/posts\/7738","targetHints":{"allow":["GET"]}}],"collection":[{"href":"https:\/\/chronik.noblogs.org\/index.php?rest_route=\/wp\/v2\/posts"}],"about":[{"href":"https:\/\/chronik.noblogs.org\/index.php?rest_route=\/wp\/v2\/types\/post"}],"author":[{"embeddable":true,"href":"https:\/\/chronik.noblogs.org\/index.php?rest_route=\/wp\/v2\/users\/12080"}],"replies":[{"embeddable":true,"href":"https:\/\/chronik.noblogs.org\/index.php?rest_route=%2Fwp%2Fv2%2Fcomments&post=7738"}],"version-history":[{"count":0,"href":"https:\/\/chronik.noblogs.org\/index.php?rest_route=\/wp\/v2\/posts\/7738\/revisions"}],"wp:attachment":[{"href":"https:\/\/chronik.noblogs.org\/index.php?rest_route=%2Fwp%2Fv2%2Fmedia&parent=7738"}],"wp:term":[{"taxonomy":"category","embeddable":true,"href":"https:\/\/chronik.noblogs.org\/index.php?rest_route=%2Fwp%2Fv2%2Fcategories&post=7738"},{"taxonomy":"post_tag","embeddable":true,"href":"https:\/\/chronik.noblogs.org\/index.php?rest_route=%2Fwp%2Fv2%2Ftags&post=7738"}],"curies":[{"name":"wp","href":"https:\/\/api.w.org\/{rel}","templated":true}]}}