{"id":7730,"date":"2018-03-11T00:00:50","date_gmt":"2018-03-10T22:00:50","guid":{"rendered":"http:\/\/chronik.blackblogs.org\/?p=7730"},"modified":"2018-03-11T00:00:50","modified_gmt":"2018-03-10T22:00:50","slug":"scheibe-von-afd-buero-beschaedigt-2","status":"publish","type":"post","link":"https:\/\/chronik.noblogs.org\/?p=7730","title":{"rendered":"Scheibe von AfD-B\u00fcro besch\u00e4digt"},"content":{"rendered":"<p><strong>Finsterwalde<\/strong>, 11. M\u00e4rz 2018<\/p>\n<blockquote><p>Auf das B\u00fcrgerb\u00fcro des Brandenburger AfD-Landtagsabgeordneten Sven Schr\u00f6der in Finsterwalde (Elbe-Elster) ist erneut ein Anschlag ver\u00fcbt worden. Unbekannte warfen Gegenst\u00e4nde auf die Glasscheibe des Ladenlokals, sagte ein Sprecher des Polizeilagedienstes am Sonntag. Die Scheibe sei besch\u00e4digt worden, aber nicht zu Bruch gegangen. Die Ermittlungen liefen. Nach Angaben von Schr\u00f6der ist es der dritte Angriff auf sein B\u00fcrgerb\u00fcro.<\/p><\/blockquote>\n<p><strong>Quelle<\/strong>: <a href=\"https:\/\/www.welt.de\/regionales\/berlin\/article174428010\/Anschlag-auf-AfD-Buergerbuero-in-Finsterwalde.html\">Welt<\/a><\/p>\n","protected":false},"excerpt":{"rendered":"<p>Finsterwalde, 11. M\u00e4rz 2018 Auf das B\u00fcrgerb\u00fcro des Brandenburger AfD-Landtagsabgeordneten Sven Schr\u00f6der in Finsterwalde (Elbe-Elster) ist erneut ein Anschlag ver\u00fcbt worden. Unbekannte warfen Gegenst\u00e4nde auf die Glasscheibe des Ladenlokals, sagte ein Sprecher des Polizeilagedienstes am Sonntag. Die Scheibe sei besch\u00e4digt worden, aber nicht zu Bruch gegangen. Die Ermittlungen liefen. Nach Angaben von Schr\u00f6der ist es [&hellip;]<\/p>\n","protected":false},"author":12080,"featured_media":0,"comment_status":"closed","ping_status":"closed","sticky":false,"template":"","format":"standard","meta":{"footnotes":""},"categories":[2],"tags":[245],"class_list":["post-7730","post","type-post","status-publish","format-standard","hentry","category-de","tag-finsterwalde"],"_links":{"self":[{"href":"https:\/\/chronik.noblogs.org\/index.php?rest_route=\/wp\/v2\/posts\/7730","targetHints":{"allow":["GET"]}}],"collection":[{"href":"https:\/\/chronik.noblogs.org\/index.php?rest_route=\/wp\/v2\/posts"}],"about":[{"href":"https:\/\/chronik.noblogs.org\/index.php?rest_route=\/wp\/v2\/types\/post"}],"author":[{"embeddable":true,"href":"https:\/\/chronik.noblogs.org\/index.php?rest_route=\/wp\/v2\/users\/12080"}],"replies":[{"embeddable":true,"href":"https:\/\/chronik.noblogs.org\/index.php?rest_route=%2Fwp%2Fv2%2Fcomments&post=7730"}],"version-history":[{"count":0,"href":"https:\/\/chronik.noblogs.org\/index.php?rest_route=\/wp\/v2\/posts\/7730\/revisions"}],"wp:attachment":[{"href":"https:\/\/chronik.noblogs.org\/index.php?rest_route=%2Fwp%2Fv2%2Fmedia&parent=7730"}],"wp:term":[{"taxonomy":"category","embeddable":true,"href":"https:\/\/chronik.noblogs.org\/index.php?rest_route=%2Fwp%2Fv2%2Fcategories&post=7730"},{"taxonomy":"post_tag","embeddable":true,"href":"https:\/\/chronik.noblogs.org\/index.php?rest_route=%2Fwp%2Fv2%2Ftags&post=7730"}],"curies":[{"name":"wp","href":"https:\/\/api.w.org\/{rel}","templated":true}]}}