{"id":7698,"date":"2018-03-07T00:00:28","date_gmt":"2018-03-06T22:00:28","guid":{"rendered":"http:\/\/chronik.blackblogs.org\/?p=7698"},"modified":"2018-03-07T00:00:28","modified_gmt":"2018-03-06T22:00:28","slug":"farbe-gegen-bibliothek-des-konservatismus","status":"publish","type":"post","link":"https:\/\/chronik.noblogs.org\/?p=7698","title":{"rendered":"Farbe gegen Bibliothek des Konservatismus"},"content":{"rendered":"<p><strong><a href=\"https:\/\/chronik.blackblogs.org\/wp-content\/uploads\/sites\/109\/2018\/03\/25344.jpg\"><img loading=\"lazy\" decoding=\"async\" class=\"alignright size-medium wp-image-7699\" src=\"https:\/\/chronik.blackblogs.org\/wp-content\/uploads\/sites\/109\/2018\/03\/25344-300x225.jpg\" alt=\"\" width=\"300\" height=\"225\" srcset=\"https:\/\/chronik.noblogs.org\/files\/2018\/03\/25344-300x225.jpg 300w, https:\/\/chronik.noblogs.org\/files\/2018\/03\/25344-768x576.jpg 768w, https:\/\/chronik.noblogs.org\/files\/2018\/03\/25344-1024x768.jpg 1024w, https:\/\/chronik.noblogs.org\/files\/2018\/03\/25344.jpg 2048w\" sizes=\"auto, (max-width: 300px) 100vw, 300px\" \/><\/a>Berlin<\/strong>, 7. M\u00e4rz 2018<\/p>\n<blockquote><p>Wir haben in der Nacht von Dienstag auf Mittwoch die Bibliothek des Konservatismus in der Fasanenstra\u00dfe 4 in Charlottenburg besucht und ein paar Gr\u00fc\u00dfe zum Frauen* Kampftag an der Fassade hinterlassen.<\/p>\n<p>Die Bibliothek, die sich selbst als &#8220;Denkfabrik und Ideenschmiede&#8221; bezeichnet, ist ein zentraler Ort der Neuen Rechten in Berlin. In ihren R\u00e4umen treffen sich AfD, Identit\u00e4re, Beatrix von Storchs Zivile Koalition und sogennante Lebenssch\u00fctzer. In ihrem Bestand findet sich neben rechtskonservativen und faschistischen Autor*innen auch ein eigener &#8220;Sonderbestand Lebensrecht&#8221; gef\u00f6rdert durch die Abtreibungsgegner*innen der &#8220;Stiftung Ja zum Leben&#8221;. Das B\u00fcrogeb\u00e4ude wurde 2012 vom Hamburger Reeder und AfD Finanzier Folker Edler gekauft und schrittweise an die &#8220;F\u00f6rderstiftung konservative Bildung und Foschung&#8221; \u00fcbertragen.<!--more--><\/p>\n<p>Die Bibliothek ist einer der wichtigsten Vernetzungsorte der reaktion\u00e4ren Bewegung in Berlin und Antifeminismus eines ihrer Hauptthemen. Grund genug Ziel unserer Wut zu werden.<\/p>\n<p>Antifeminismus angreifen!<br \/>\nMake feminsim a threat!<\/p>\n<p>Kommt zu den Demonstrationen am 08.03 am Hermannplatz und am Schlesischen Tor<\/p><\/blockquote>\n<p><strong>Quelle<\/strong>: Indymedia<\/p>\n","protected":false},"excerpt":{"rendered":"<p>Berlin, 7. M\u00e4rz 2018 Wir haben in der Nacht von Dienstag auf Mittwoch die Bibliothek des Konservatismus in der Fasanenstra\u00dfe 4 in Charlottenburg besucht und ein paar Gr\u00fc\u00dfe zum Frauen* Kampftag an der Fassade hinterlassen. Die Bibliothek, die sich selbst als &#8220;Denkfabrik und Ideenschmiede&#8221; bezeichnet, ist ein zentraler Ort der Neuen Rechten in Berlin. In [&hellip;]<\/p>\n","protected":false},"author":12080,"featured_media":0,"comment_status":"closed","ping_status":"closed","sticky":false,"template":"","format":"standard","meta":{"footnotes":""},"categories":[2],"tags":[24],"class_list":["post-7698","post","type-post","status-publish","format-standard","hentry","category-de","tag-berlin"],"_links":{"self":[{"href":"https:\/\/chronik.noblogs.org\/index.php?rest_route=\/wp\/v2\/posts\/7698","targetHints":{"allow":["GET"]}}],"collection":[{"href":"https:\/\/chronik.noblogs.org\/index.php?rest_route=\/wp\/v2\/posts"}],"about":[{"href":"https:\/\/chronik.noblogs.org\/index.php?rest_route=\/wp\/v2\/types\/post"}],"author":[{"embeddable":true,"href":"https:\/\/chronik.noblogs.org\/index.php?rest_route=\/wp\/v2\/users\/12080"}],"replies":[{"embeddable":true,"href":"https:\/\/chronik.noblogs.org\/index.php?rest_route=%2Fwp%2Fv2%2Fcomments&post=7698"}],"version-history":[{"count":0,"href":"https:\/\/chronik.noblogs.org\/index.php?rest_route=\/wp\/v2\/posts\/7698\/revisions"}],"wp:attachment":[{"href":"https:\/\/chronik.noblogs.org\/index.php?rest_route=%2Fwp%2Fv2%2Fmedia&parent=7698"}],"wp:term":[{"taxonomy":"category","embeddable":true,"href":"https:\/\/chronik.noblogs.org\/index.php?rest_route=%2Fwp%2Fv2%2Fcategories&post=7698"},{"taxonomy":"post_tag","embeddable":true,"href":"https:\/\/chronik.noblogs.org\/index.php?rest_route=%2Fwp%2Fv2%2Ftags&post=7698"}],"curies":[{"name":"wp","href":"https:\/\/api.w.org\/{rel}","templated":true}]}}