{"id":7441,"date":"2017-12-25T00:00:24","date_gmt":"2017-12-24T22:00:24","guid":{"rendered":"http:\/\/chronik.blackblogs.org\/?p=7441"},"modified":"2017-12-25T00:00:24","modified_gmt":"2017-12-24T22:00:24","slug":"nazi-geschlagen","status":"publish","type":"post","link":"https:\/\/chronik.noblogs.org\/?p=7441","title":{"rendered":"Nazi geschlagen"},"content":{"rendered":"<p><strong>Schwarzenbek<\/strong>,&nbsp; 25. Dezember 2017<\/p>\n<blockquote><p>kurz nach heiligabend wurde ein neonazi dabei erwischt, wie er aufkleber der identit\u00e4ren bewegung verklebte. bereits seit mehreren jahren taucht in schwarzenbek immer wieder neonazis-propaganda in gro\u00dfem stil auf. betroffen sind meistens gefl\u00fcchtetenunterk\u00fcnfte oder schulen.<\/p>\n<p>dem nazi konnte schnell klar gemacht werden, dass das eine bl\u00f6de idee war alleine loszuziehen. so hat er selbst die bereits verklebten aufkleber abratzen d\u00fcrfen und seine noch nicht verklebten abgeben, welche anschlie\u00dfend verbrannt wurden.<br \/>\n<!--more--><br \/>\nnazis offensiv angreifen &#8211; auch in dreckigen nazil\u00f6cher!<\/p>\n<p>kurz nach heiligabend wurde ein neonazi dabei erwischt, wie er aufkleber der identit\u00e4ren bewegung verklebte. bereits seit mehreren jahren taucht in schwarzenbek immer wieder neonazis-propaganda in gro\u00dfem stil auf. betroffen sind meistens gefl\u00fcchtetenunterk\u00fcnfte oder schulen.<\/p>\n<p>dem nazi konnte schnell klar gemacht werden, dass das eine bl\u00f6de idee war alleine loszuziehen. so hat er selbst die bereits verklebten aufkleber abratzen und seine noch nicht verklebten abgeben d\u00fcrfen, welche anschlie\u00dfend verbrannt wurden.<\/p>\n<p>nazis offensiv angreifen &#8211; auch in dreckigen nazil\u00f6cher!<\/p><\/blockquote>\n<p><strong>Quelle<\/strong>: Indymedia<\/p>\n","protected":false},"excerpt":{"rendered":"<p>Schwarzenbek,&nbsp; 25. Dezember 2017 kurz nach heiligabend wurde ein neonazi dabei erwischt, wie er aufkleber der identit\u00e4ren bewegung verklebte. bereits seit mehreren jahren taucht in schwarzenbek immer wieder neonazis-propaganda in gro\u00dfem stil auf. betroffen sind meistens gefl\u00fcchtetenunterk\u00fcnfte oder schulen. dem nazi konnte schnell klar gemacht werden, dass das eine bl\u00f6de idee war alleine loszuziehen. so [&hellip;]<\/p>\n","protected":false},"author":12080,"featured_media":0,"comment_status":"closed","ping_status":"closed","sticky":false,"template":"","format":"standard","meta":{"footnotes":""},"categories":[2],"tags":[237],"class_list":["post-7441","post","type-post","status-publish","format-standard","hentry","category-de","tag-schwarzenbek"],"_links":{"self":[{"href":"https:\/\/chronik.noblogs.org\/index.php?rest_route=\/wp\/v2\/posts\/7441","targetHints":{"allow":["GET"]}}],"collection":[{"href":"https:\/\/chronik.noblogs.org\/index.php?rest_route=\/wp\/v2\/posts"}],"about":[{"href":"https:\/\/chronik.noblogs.org\/index.php?rest_route=\/wp\/v2\/types\/post"}],"author":[{"embeddable":true,"href":"https:\/\/chronik.noblogs.org\/index.php?rest_route=\/wp\/v2\/users\/12080"}],"replies":[{"embeddable":true,"href":"https:\/\/chronik.noblogs.org\/index.php?rest_route=%2Fwp%2Fv2%2Fcomments&post=7441"}],"version-history":[{"count":0,"href":"https:\/\/chronik.noblogs.org\/index.php?rest_route=\/wp\/v2\/posts\/7441\/revisions"}],"wp:attachment":[{"href":"https:\/\/chronik.noblogs.org\/index.php?rest_route=%2Fwp%2Fv2%2Fmedia&parent=7441"}],"wp:term":[{"taxonomy":"category","embeddable":true,"href":"https:\/\/chronik.noblogs.org\/index.php?rest_route=%2Fwp%2Fv2%2Fcategories&post=7441"},{"taxonomy":"post_tag","embeddable":true,"href":"https:\/\/chronik.noblogs.org\/index.php?rest_route=%2Fwp%2Fv2%2Ftags&post=7441"}],"curies":[{"name":"wp","href":"https:\/\/api.w.org\/{rel}","templated":true}]}}