{"id":7405,"date":"2018-01-03T00:00:09","date_gmt":"2018-01-02T22:00:09","guid":{"rendered":"http:\/\/chronik.blackblogs.org\/?p=7405"},"modified":"2018-01-03T00:00:09","modified_gmt":"2018-01-02T22:00:09","slug":"scheiben-bei-arbeit-und-beratung-zerstoert","status":"publish","type":"post","link":"https:\/\/chronik.noblogs.org\/?p=7405","title":{"rendered":"Scheiben bei \u201eArbeit und Beratung\u201c zerst\u00f6rt"},"content":{"rendered":"<p><strong>Berlin<\/strong>, 3. Januar 2018<\/p>\n<blockquote><p>Am Sonntag will die AfD in Dessau das Gedenken an den ermordeten Oury Jalloh st\u00f6ren. Ihr Motto lautet \u201eDie Akte Oury Jalloh schlie\u00dfen\u201c. Auch Berliner AfD-Kader, rund um den H\u00f6cke-Fan Andreas Wild (Mitglied im Berliner Abgeordnetenhaus), haben angek\u00fcndigt daran teilzunehmen. Um Wild daran zu erinnern, dass solche Aktionen ihn pers\u00f6nlich was kosten, wurden die Scheiben seiner Arbeitagentur \u201eArbeit und Beratung\u201c in Berlin-Lichtenberg in der Nacht auf den 3. Januar zerst\u00f6rt.<br \/>\n<!--more--><br \/>\nAuch die nach der letzten Attacke im Mai 2016 instalierten Kameras konnten daran offenbar nichts \u00e4ndern. Am Ort fanden sich Flugbl\u00e4tter, die den Zusammenhang mit Oury Jalloh f\u00fcr die Nachbar*innenschaft herstellten. Darin hei\u00dft es zum Schluss: \u201eKein Friede mit rassistischen M\u00f6rdern! Kein Friede mit der AfD!\u201c. Der Besuch bei Andreas Wild hat wieder einmal gezeigt, dass die Infrastruktur der AfD und die Ressourcen ihrer Protagonist*innen angreifbar sind. Vor einer Woche wurde auch in Bremen eine AfD-Firma erfolgreich angeriffen. Der allt\u00e4gliche Druck auf die AfD und ihre Unterst\u00fctzer*innen nimmt also wieder Fahrt auf.<\/p><\/blockquote>\n<p><strong>Quelle<\/strong>: Indymedia<\/p>\n","protected":false},"excerpt":{"rendered":"<p>Berlin, 3. Januar 2018 Am Sonntag will die AfD in Dessau das Gedenken an den ermordeten Oury Jalloh st\u00f6ren. Ihr Motto lautet \u201eDie Akte Oury Jalloh schlie\u00dfen\u201c. Auch Berliner AfD-Kader, rund um den H\u00f6cke-Fan Andreas Wild (Mitglied im Berliner Abgeordnetenhaus), haben angek\u00fcndigt daran teilzunehmen. Um Wild daran zu erinnern, dass solche Aktionen ihn pers\u00f6nlich was [&hellip;]<\/p>\n","protected":false},"author":12080,"featured_media":0,"comment_status":"closed","ping_status":"closed","sticky":false,"template":"","format":"standard","meta":{"footnotes":""},"categories":[2],"tags":[24],"class_list":["post-7405","post","type-post","status-publish","format-standard","hentry","category-de","tag-berlin"],"_links":{"self":[{"href":"https:\/\/chronik.noblogs.org\/index.php?rest_route=\/wp\/v2\/posts\/7405","targetHints":{"allow":["GET"]}}],"collection":[{"href":"https:\/\/chronik.noblogs.org\/index.php?rest_route=\/wp\/v2\/posts"}],"about":[{"href":"https:\/\/chronik.noblogs.org\/index.php?rest_route=\/wp\/v2\/types\/post"}],"author":[{"embeddable":true,"href":"https:\/\/chronik.noblogs.org\/index.php?rest_route=\/wp\/v2\/users\/12080"}],"replies":[{"embeddable":true,"href":"https:\/\/chronik.noblogs.org\/index.php?rest_route=%2Fwp%2Fv2%2Fcomments&post=7405"}],"version-history":[{"count":0,"href":"https:\/\/chronik.noblogs.org\/index.php?rest_route=\/wp\/v2\/posts\/7405\/revisions"}],"wp:attachment":[{"href":"https:\/\/chronik.noblogs.org\/index.php?rest_route=%2Fwp%2Fv2%2Fmedia&parent=7405"}],"wp:term":[{"taxonomy":"category","embeddable":true,"href":"https:\/\/chronik.noblogs.org\/index.php?rest_route=%2Fwp%2Fv2%2Fcategories&post=7405"},{"taxonomy":"post_tag","embeddable":true,"href":"https:\/\/chronik.noblogs.org\/index.php?rest_route=%2Fwp%2Fv2%2Ftags&post=7405"}],"curies":[{"name":"wp","href":"https:\/\/api.w.org\/{rel}","templated":true}]}}