{"id":7370,"date":"2018-01-02T00:00:18","date_gmt":"2018-01-01T22:00:18","guid":{"rendered":"http:\/\/chronik.blackblogs.org\/?p=7370"},"modified":"2018-01-02T00:00:18","modified_gmt":"2018-01-01T22:00:18","slug":"farbe-gegen-polizeirevier","status":"publish","type":"post","link":"https:\/\/chronik.noblogs.org\/?p=7370","title":{"rendered":"Farbe gegen Polizeirevier"},"content":{"rendered":"<p><strong>T\u00fcbigen<\/strong>, 2. Januar 2018<\/p>\n<blockquote><p>In der Nacht auf den 2.1. wurde das Polizeirevier in der T\u00fcbinger S\u00fcdstadt mit Farbe eingedeckt.<\/p>\n<p>Wie nicht anders zu erwarten war, hat auch das Jahr 2017 neben Repression rund um den G20 Gipfel und dem neuen Polizeigesetz viele Gr\u00fcnde f\u00fcr diese Aktion geliefert.<br \/>\n<!--more--><br \/>\nDie Polizei als Institution ist in ihrem Handeln bereits rassistisch, ausgrenzend und grunds\u00e4tzlich menschenverachtend, auch wenn sie sich an gegebene Gesetze h\u00e4lt.<\/p>\n<p>Sp\u00e4testens jetzt sollte aber auch den letzen klar geworden sein, dass nicht einmal das der Fall ist, sondern die<br \/>\nPolizei sich in ihrer Funktion als die Exekutive als \u00fcber dem Gesetz stehend betrachtet.<\/p>\n<p>Es soll an dieser Stelle aber klargestellt werden, das wir keine bessere Polizei fordern, sondern deren langfristige Abschaffung.<\/p>\n<p>Kurze Rede, langer Sinn:<br \/>\nAuf ein widerst\u00e4ndiges 2018 aus Gr\u00fcnden.<\/p><\/blockquote>\n<p><strong>Quelle<\/strong>: Indymedia<\/p>\n","protected":false},"excerpt":{"rendered":"<p>T\u00fcbigen, 2. Januar 2018 In der Nacht auf den 2.1. wurde das Polizeirevier in der T\u00fcbinger S\u00fcdstadt mit Farbe eingedeckt. Wie nicht anders zu erwarten war, hat auch das Jahr 2017 neben Repression rund um den G20 Gipfel und dem neuen Polizeigesetz viele Gr\u00fcnde f\u00fcr diese Aktion geliefert.<\/p>\n","protected":false},"author":12080,"featured_media":0,"comment_status":"closed","ping_status":"closed","sticky":false,"template":"","format":"standard","meta":{"footnotes":""},"categories":[2],"tags":[238],"class_list":["post-7370","post","type-post","status-publish","format-standard","hentry","category-de","tag-tuebigen"],"_links":{"self":[{"href":"https:\/\/chronik.noblogs.org\/index.php?rest_route=\/wp\/v2\/posts\/7370","targetHints":{"allow":["GET"]}}],"collection":[{"href":"https:\/\/chronik.noblogs.org\/index.php?rest_route=\/wp\/v2\/posts"}],"about":[{"href":"https:\/\/chronik.noblogs.org\/index.php?rest_route=\/wp\/v2\/types\/post"}],"author":[{"embeddable":true,"href":"https:\/\/chronik.noblogs.org\/index.php?rest_route=\/wp\/v2\/users\/12080"}],"replies":[{"embeddable":true,"href":"https:\/\/chronik.noblogs.org\/index.php?rest_route=%2Fwp%2Fv2%2Fcomments&post=7370"}],"version-history":[{"count":0,"href":"https:\/\/chronik.noblogs.org\/index.php?rest_route=\/wp\/v2\/posts\/7370\/revisions"}],"wp:attachment":[{"href":"https:\/\/chronik.noblogs.org\/index.php?rest_route=%2Fwp%2Fv2%2Fmedia&parent=7370"}],"wp:term":[{"taxonomy":"category","embeddable":true,"href":"https:\/\/chronik.noblogs.org\/index.php?rest_route=%2Fwp%2Fv2%2Fcategories&post=7370"},{"taxonomy":"post_tag","embeddable":true,"href":"https:\/\/chronik.noblogs.org\/index.php?rest_route=%2Fwp%2Fv2%2Ftags&post=7370"}],"curies":[{"name":"wp","href":"https:\/\/api.w.org\/{rel}","templated":true}]}}