{"id":7340,"date":"2017-11-24T00:00:46","date_gmt":"2017-11-23T22:00:46","guid":{"rendered":"http:\/\/chronik.blackblogs.org\/?p=7340"},"modified":"2017-11-24T00:00:46","modified_gmt":"2017-11-23T22:00:46","slug":"danneggiata-auto-di-gerald-hoens-afd","status":"publish","type":"post","link":"https:\/\/chronik.noblogs.org\/?p=7340","title":{"rendered":"Danneggiata Auto di Gerald H\u00f6ns (AfD)"},"content":{"rendered":"<p><strong><a href=\"https:\/\/chronik.noblogs.org\/files\/2017\/11\/hoe-1.jpeg\"><img loading=\"lazy\" decoding=\"async\" class=\"alignright wp-image-7171 size-medium\" src=\"https:\/\/chronik.noblogs.org\/files\/2017\/11\/hoe-1-300x169.jpeg\" width=\"300\" height=\"169\" srcset=\"https:\/\/chronik.noblogs.org\/files\/2017\/11\/hoe-1-300x169.jpeg 300w, https:\/\/chronik.noblogs.org\/files\/2017\/11\/hoe-1-768x432.jpeg 768w, https:\/\/chronik.noblogs.org\/files\/2017\/11\/hoe-1-1024x577.jpeg 1024w, https:\/\/chronik.noblogs.org\/files\/2017\/11\/hoe-1.jpeg 1776w\" sizes=\"auto, (max-width: 300px) 100vw, 300px\" \/><\/a>Brema (Bremen)<\/strong>, 24&nbsp;novembre 2017<\/p>\n<blockquote><p>A piedi al congresso di partito AfD di Hannover!? Queste o simili questioni si deve porre il politico AfD di Brema Gerald H\u00f6ns dopo di che la notte di marted\u00ec gli abbiamo distrutto le gomme e i vetri della sua Smart nella Bergerstra\u00dfe.<\/p>\n<p>L&#8217;intrigante Gerald ha contatti con i Hells Angels e possiede alcuni bunker roccaforte della 2. Guerra Mondiale che affitta e occasionalmente agghinda con manifesti AfD.<\/p>\n<p>Il nostro annuncio a H\u00f6ns: sappiamo dove abiti, dove fai i tuoi affari e quali auto guidi. Fino a che a Brema agisci da fascista non ti lasceremo in pace.<br \/>\n<!--more--><br \/>\nAntifa significa attacco \u2013 di notte dalle proprie parti e in trasferta a Hannover!<\/p><\/blockquote>\n<p><strong>Fonte<\/strong>: Indymedia, trad. mc<\/p>\n","protected":false},"excerpt":{"rendered":"<p>Brema (Bremen), 24&nbsp;novembre 2017 A piedi al congresso di partito AfD di Hannover!? Queste o simili questioni si deve porre il politico AfD di Brema Gerald H\u00f6ns dopo di che la notte di marted\u00ec gli abbiamo distrutto le gomme e i vetri della sua Smart nella Bergerstra\u00dfe. L&#8217;intrigante Gerald ha contatti con i Hells Angels [&hellip;]<\/p>\n","protected":false},"author":12080,"featured_media":0,"comment_status":"closed","ping_status":"closed","sticky":false,"template":"","format":"standard","meta":{"footnotes":""},"categories":[6],"tags":[32],"class_list":["post-7340","post","type-post","status-publish","format-standard","hentry","category-it","tag-bremen"],"_links":{"self":[{"href":"https:\/\/chronik.noblogs.org\/index.php?rest_route=\/wp\/v2\/posts\/7340","targetHints":{"allow":["GET"]}}],"collection":[{"href":"https:\/\/chronik.noblogs.org\/index.php?rest_route=\/wp\/v2\/posts"}],"about":[{"href":"https:\/\/chronik.noblogs.org\/index.php?rest_route=\/wp\/v2\/types\/post"}],"author":[{"embeddable":true,"href":"https:\/\/chronik.noblogs.org\/index.php?rest_route=\/wp\/v2\/users\/12080"}],"replies":[{"embeddable":true,"href":"https:\/\/chronik.noblogs.org\/index.php?rest_route=%2Fwp%2Fv2%2Fcomments&post=7340"}],"version-history":[{"count":0,"href":"https:\/\/chronik.noblogs.org\/index.php?rest_route=\/wp\/v2\/posts\/7340\/revisions"}],"wp:attachment":[{"href":"https:\/\/chronik.noblogs.org\/index.php?rest_route=%2Fwp%2Fv2%2Fmedia&parent=7340"}],"wp:term":[{"taxonomy":"category","embeddable":true,"href":"https:\/\/chronik.noblogs.org\/index.php?rest_route=%2Fwp%2Fv2%2Fcategories&post=7340"},{"taxonomy":"post_tag","embeddable":true,"href":"https:\/\/chronik.noblogs.org\/index.php?rest_route=%2Fwp%2Fv2%2Ftags&post=7340"}],"curies":[{"name":"wp","href":"https:\/\/api.w.org\/{rel}","templated":true}]}}