{"id":7166,"date":"2017-11-24T00:00:43","date_gmt":"2017-11-23T22:00:43","guid":{"rendered":"http:\/\/chronik.blackblogs.org\/?p=7166"},"modified":"2017-11-24T00:00:43","modified_gmt":"2017-11-23T22:00:43","slug":"auto-von-gerald-hoens-afd-beschaedigt","status":"publish","type":"post","link":"https:\/\/chronik.noblogs.org\/?p=7166","title":{"rendered":"Auto von Gerald H\u00f6ns (AfD) besch\u00e4digt"},"content":{"rendered":"<p><strong><a href=\"https:\/\/chronik.noblogs.org\/files\/2017\/11\/hoe-1.jpeg\"><img loading=\"lazy\" decoding=\"async\" class=\"alignright wp-image-7171 size-medium\" src=\"https:\/\/chronik.noblogs.org\/files\/2017\/11\/hoe-1-300x169.jpeg\" width=\"300\" height=\"169\" srcset=\"https:\/\/chronik.noblogs.org\/files\/2017\/11\/hoe-1-300x169.jpeg 300w, https:\/\/chronik.noblogs.org\/files\/2017\/11\/hoe-1-768x432.jpeg 768w, https:\/\/chronik.noblogs.org\/files\/2017\/11\/hoe-1-1024x577.jpeg 1024w, https:\/\/chronik.noblogs.org\/files\/2017\/11\/hoe-1.jpeg 1776w\" sizes=\"auto, (max-width: 300px) 100vw, 300px\" \/><\/a>Bremen<\/strong>, 24. November 2017<\/p>\n<blockquote><p>Zu Fu\u00df zum AfD-Parteitag nach Hannover!? Diese oder \u00e4hnliche Fragen muss sich der Bremer AfD-Politiker Gerald H\u00f6ns stellen, nachdem wir ihm Dienstagnacht Reifen und Scheiben seines Smart in der Bergerstra\u00dfe zerst\u00f6rt haben.<\/p>\n<p>Der umtriebige Gerald unterh\u00e4lt Kontakt zu den Hells Angels und ist Besitzer mehrere Hochbunker aus dem 2. Weltkrieg, die er vermietet und gelegentlich mit AfD-Plakaten schm\u00fcckt.<br \/>\n<!--more--><br \/>\nUnsere Ansage an H\u00f6ns : Wir wissen wo du wohnst, wo du deine Gesch\u00e4fte machst, welche Autos du f\u00e4hrst. Solange du als Faschist in Bremen agierst werden wir dir keine Ruhe lassen.<\/p>\n<p>Antifa hei\u00dft Angriff \u2013 nachts daheim und ausw\u00e4rts in Hannover!<\/p><\/blockquote>\n<p><strong>Quelle<\/strong>: Indymedia<\/p>\n","protected":false},"excerpt":{"rendered":"<p>Bremen, 24. November 2017 Zu Fu\u00df zum AfD-Parteitag nach Hannover!? Diese oder \u00e4hnliche Fragen muss sich der Bremer AfD-Politiker Gerald H\u00f6ns stellen, nachdem wir ihm Dienstagnacht Reifen und Scheiben seines Smart in der Bergerstra\u00dfe zerst\u00f6rt haben. Der umtriebige Gerald unterh\u00e4lt Kontakt zu den Hells Angels und ist Besitzer mehrere Hochbunker aus dem 2. Weltkrieg, die [&hellip;]<\/p>\n","protected":false},"author":12080,"featured_media":0,"comment_status":"closed","ping_status":"closed","sticky":false,"template":"","format":"standard","meta":{"footnotes":""},"categories":[2],"tags":[32],"class_list":["post-7166","post","type-post","status-publish","format-standard","hentry","category-de","tag-bremen"],"_links":{"self":[{"href":"https:\/\/chronik.noblogs.org\/index.php?rest_route=\/wp\/v2\/posts\/7166","targetHints":{"allow":["GET"]}}],"collection":[{"href":"https:\/\/chronik.noblogs.org\/index.php?rest_route=\/wp\/v2\/posts"}],"about":[{"href":"https:\/\/chronik.noblogs.org\/index.php?rest_route=\/wp\/v2\/types\/post"}],"author":[{"embeddable":true,"href":"https:\/\/chronik.noblogs.org\/index.php?rest_route=\/wp\/v2\/users\/12080"}],"replies":[{"embeddable":true,"href":"https:\/\/chronik.noblogs.org\/index.php?rest_route=%2Fwp%2Fv2%2Fcomments&post=7166"}],"version-history":[{"count":0,"href":"https:\/\/chronik.noblogs.org\/index.php?rest_route=\/wp\/v2\/posts\/7166\/revisions"}],"wp:attachment":[{"href":"https:\/\/chronik.noblogs.org\/index.php?rest_route=%2Fwp%2Fv2%2Fmedia&parent=7166"}],"wp:term":[{"taxonomy":"category","embeddable":true,"href":"https:\/\/chronik.noblogs.org\/index.php?rest_route=%2Fwp%2Fv2%2Fcategories&post=7166"},{"taxonomy":"post_tag","embeddable":true,"href":"https:\/\/chronik.noblogs.org\/index.php?rest_route=%2Fwp%2Fv2%2Ftags&post=7166"}],"curies":[{"name":"wp","href":"https:\/\/api.w.org\/{rel}","templated":true}]}}