{"id":6999,"date":"2017-10-16T00:00:37","date_gmt":"2017-10-15T22:00:37","guid":{"rendered":"http:\/\/chronik.blackblogs.org\/?p=6999"},"modified":"2017-10-16T00:00:37","modified_gmt":"2017-10-15T22:00:37","slug":"sprueherreien-bei-afd-politikern","status":"publish","type":"post","link":"https:\/\/chronik.noblogs.org\/?p=6999","title":{"rendered":"Spr\u00fcherreien bei AfD-Politikern"},"content":{"rendered":"<p><strong><a href=\"https:\/\/chronik.noblogs.org\/files\/2017\/11\/bild.jpg\"><img loading=\"lazy\" decoding=\"async\" class=\"alignright size-medium wp-image-7000\" src=\"https:\/\/chronik.noblogs.org\/files\/2017\/11\/bild-300x201.jpg\" alt=\"\" width=\"300\" height=\"201\" srcset=\"https:\/\/chronik.noblogs.org\/files\/2017\/11\/bild-300x201.jpg 300w, https:\/\/chronik.noblogs.org\/files\/2017\/11\/bild-768x514.jpg 768w, https:\/\/chronik.noblogs.org\/files\/2017\/11\/bild-1024x686.jpg 1024w, https:\/\/chronik.noblogs.org\/files\/2017\/11\/bild.jpg 1563w\" sizes=\"auto, (max-width: 300px) 100vw, 300px\" \/><\/a>Hamburg<\/strong>, 16. Oktober 2017<\/p>\n<blockquote><p>In der Nacht von Sonntag 15.10. auf Montag 16.10.17 bei Jens Eckleben und Peter Lorkowski die Umgebung mit viel Farbe versch\u00f6nert!<\/p>\n<p>Kurze Informationen zu den Personen:<\/p>\n<p>Jens Eckleben (Bezirksvorsitzender der AfD in Hamburg-Nord und ehemaliger Landesvorsitzender der rechtspopulistischen und islamfeindlichen Partei &#8220;Die Freiheit&#8221;) f\u00e4llt immer wieder gerade in sozialen Netzwerken mit rassistischen \u00c4u\u00dferungen auf. Er hat unter Anderen Kontakte zu Personen aus den rechtsradikalen Strukturen der &#8220;Sektion Nordland&#8221;. <!--more--> Des Weiteren wurde er neben weiteren Neonazis auf der Seite des rechten Tarnvereins der AfD &#8220;rechtundfreiheit&#8221; als ein zahlender Unterst\u00fctzter aufgelistet. Dieser Tarnverein hat w\u00e4hrend der Bundestagswahl viele Gro\u00dfplakate der AfD finanziert. In Facebook ist Eckleben in vielen rechten Gruppen und betreibt dort rassistische Propaganda. Immer wieder mischte sich Eckleben (mindestens einmal auch mit einen St.Pauli Pullover) unter antifaschistischen Protest gegen die AfD.<\/p>\n<p>Peter Lorkowski (Stellvertretender Fraktionsvorsitzender in der Hamburger B\u00fcrgerschaft f\u00fcr Bernd Baumann nachger\u00fcckt) ehemaliges Mitglied der Partei &#8220;Zentrum &#8220;. Des Weiteren war er Mitglied in der Hamburger B\u00fcrgerschaft von 2001 bis 2004 f\u00fcr die rechte &#8220;Schill-Partei&#8221;. Heute setzt er seine rechte Law and Order Politik in der AfD um. Neben den T\u00e4tigkeiten in der AfD und in seiner Schlosserei Firma ist er Ortsverbandsvorsitzender des Bundes der Selbstst\u00e4ndigen (BDS). Bei der Bundestagswahl am 24.09.2017 trat er als AfD-Direktkandidat f\u00fcr Harburg-Bergedorf an.<\/p>\n<p>Aktionen in der Nacht von Sonntag 15.10. auf Montag 16.10.17:<\/p>\n<p>In der Nebenstra\u00dfe und direkt vor und an dem Mehrfamilienhaus in dem Jens Eckleben (Meerweinstra\u00dfe 1 in Winterhude) wohnt sprayten wir alles voll mit zwei verschiedenen antifaschistischen Spr\u00fchschablonen und weiteren Schriftz\u00fcgen.<\/p>\n<p>Bei der P. und M. Lorkowski GmbH Schlosserei (R\u00f6nneburger Kirchweg 14 in Harburg) von Peter Lorkowski sprayten wir sehr ersichtlich auf die Fenster und den Garagentor Schriftz\u00fcge gegen die AfD. Das Foto was oben ist stammt von der Internetseite der Hamburger AfD, Inklusive einen Text wor\u00fcber sie \u00fcber die Aktion rumheulen.<\/p>\n<p>Wir schlie\u00dfen uns dem Aufruf an mit jeglichen Aktionen die AfD anzugreifen!<br \/>\n( https:\/\/de.indymedia.org\/node\/14146 ).<br \/>\nGerade jetzt wo die in den Bundestag und im Nieders\u00e4chsischen Landtag eingezogen sind.<\/p><\/blockquote>\n<p><strong>Quelle<\/strong>: Indymedia<\/p>\n","protected":false},"excerpt":{"rendered":"<p>Hamburg, 16. Oktober 2017 In der Nacht von Sonntag 15.10. auf Montag 16.10.17 bei Jens Eckleben und Peter Lorkowski die Umgebung mit viel Farbe versch\u00f6nert! Kurze Informationen zu den Personen: Jens Eckleben (Bezirksvorsitzender der AfD in Hamburg-Nord und ehemaliger Landesvorsitzender der rechtspopulistischen und islamfeindlichen Partei &#8220;Die Freiheit&#8221;) f\u00e4llt immer wieder gerade in sozialen Netzwerken mit [&hellip;]<\/p>\n","protected":false},"author":12080,"featured_media":0,"comment_status":"closed","ping_status":"closed","sticky":false,"template":"","format":"standard","meta":{"footnotes":""},"categories":[2],"tags":[88],"class_list":["post-6999","post","type-post","status-publish","format-standard","hentry","category-de","tag-hamburg"],"_links":{"self":[{"href":"https:\/\/chronik.noblogs.org\/index.php?rest_route=\/wp\/v2\/posts\/6999","targetHints":{"allow":["GET"]}}],"collection":[{"href":"https:\/\/chronik.noblogs.org\/index.php?rest_route=\/wp\/v2\/posts"}],"about":[{"href":"https:\/\/chronik.noblogs.org\/index.php?rest_route=\/wp\/v2\/types\/post"}],"author":[{"embeddable":true,"href":"https:\/\/chronik.noblogs.org\/index.php?rest_route=\/wp\/v2\/users\/12080"}],"replies":[{"embeddable":true,"href":"https:\/\/chronik.noblogs.org\/index.php?rest_route=%2Fwp%2Fv2%2Fcomments&post=6999"}],"version-history":[{"count":0,"href":"https:\/\/chronik.noblogs.org\/index.php?rest_route=\/wp\/v2\/posts\/6999\/revisions"}],"wp:attachment":[{"href":"https:\/\/chronik.noblogs.org\/index.php?rest_route=%2Fwp%2Fv2%2Fmedia&parent=6999"}],"wp:term":[{"taxonomy":"category","embeddable":true,"href":"https:\/\/chronik.noblogs.org\/index.php?rest_route=%2Fwp%2Fv2%2Fcategories&post=6999"},{"taxonomy":"post_tag","embeddable":true,"href":"https:\/\/chronik.noblogs.org\/index.php?rest_route=%2Fwp%2Fv2%2Ftags&post=6999"}],"curies":[{"name":"wp","href":"https:\/\/api.w.org\/{rel}","templated":true}]}}