{"id":6977,"date":"2017-10-26T00:00:35","date_gmt":"2017-10-25T22:00:35","guid":{"rendered":"http:\/\/chronik.blackblogs.org\/?p=6977"},"modified":"2017-10-26T00:00:35","modified_gmt":"2017-10-25T22:00:35","slug":"verbindungsstudent-geschlagen","status":"publish","type":"post","link":"https:\/\/chronik.noblogs.org\/?p=6977","title":{"rendered":"Verbindungsstudent geschlagen"},"content":{"rendered":"<p><strong>Hamburg<\/strong>, 26. Oktober 2017<\/p>\n<blockquote><p>Gewaltt\u00e4tiger Zwischenfall auf dem Campus der Hamburger Universit\u00e4t: W\u00e4hrend einer Sitzung des Studentenparlaments am Donnerstagabend griffen mutma\u00dflich linksextreme T\u00e4ter ein Mitglied der konservativen Hochschulgruppe RCDS an. Maurice Gesser, der auch stellvertretender Landesvorsitzender der Jungen Union ist, wurde von den Angreifern mit Schl\u00e4gen und Tritten leicht verletzt \u2013 die Polizei ermittelt nun wegen K\u00f6rperverletzung gegen eine f\u00fcnfk\u00f6pfige Gruppe.<\/p>\n<p>Gesser schildert am Freitag gegen\u00fcber der WELT den Vorfall: Er sei am Donnerstagabend das erste Mal im Studentenparlament aufgetreten, da er f\u00fcr einen Parlamentarier nachger\u00fcckt sei. \u201eEs muss sich noch w\u00e4hrend der Sitzung rumgesprochen haben, dass ich Mitglied in der schlagenden Verbindung Corps Rhenania bin\u201c, mutma\u00dft er. In einer kurzen Unterbrechung der Parlamentssitzung seien dann gegen 21.15 Uhr pl\u00f6tzlich mehrere ihm Unbekannte in schwarzer Kleidung aufgetaucht.<br \/>\n<!--more--><br \/>\nDer mutma\u00dflich aus dem linksextremen Spektrum agierende \u201eSchl\u00e4gertrupp\u201c bedr\u00e4ngte ihn noch im Sitzungssaal. Sie fragten ihn mehrfach, ob er \u201eBurschi\u201c sei, berichtet Gesser weiter. Nach kurzem Wortgefecht sei er pl\u00f6tzlich mit Schl\u00e4gen und Tritten attackiert worden. Gesser sei daraufhin \u00fcber eine der Stuhlreihen gefallen.<br \/>\n\u201eWir erwarten Hausverbot f\u00fcr die T\u00e4ter\u201c<\/p>\n<p>Im darauffolgenden Trubel seien die T\u00e4ter verschwunden. Gesser erinnert der Angriff an \u201eSA-Methoden\u201c. \u201eMan muss davon ausgehen, dass ich nun bei denen bekannt bin \u2013 ich muss jetzt \u00fcberlegen, wie ich mich \u00fcber den Campus bewege\u201c, sagt er. Er hoffe, dass sich nun auch die Universit\u00e4t zu dem Vorfall \u00e4u\u00dfere \u2013 schlie\u00dflich habe sie auch Linksextremen im Vorfeld des G-20-Gipfels R\u00e4umlichkeiten zur Verf\u00fcgung gestellt.<\/p>\n<p>Die Vorsitzende der Hamburger Jungen Union, Antonia Niecke, bezeichnet den gewaltt\u00e4tigen Angriff als inakzeptabel: \u201eWir erwarten Hausverbot f\u00fcr die T\u00e4ter an der Universit\u00e4t Hamburg und die rechtliche Aufarbeitung. Diese Tat ist mehr als erschreckend und zeigt, welch Geistes Kind die Antifa und ihre Unterst\u00fctzer sind\u201c, so Niecke. Die Tat m\u00fcsse als politisch motiviert behandelt werden und d\u00fcrfe nicht als harmlose Pr\u00fcgelei unter Studenten bagatellisiert werden, betont sie.<\/p><\/blockquote>\n<p><strong>Quelle<\/strong>: <a href=\"https:\/\/www.welt.de\/regionales\/hamburg\/article170116945\/Linksextreme-attackieren-Vizechef-der-Jungen-Union.html\">Welt<\/a><\/p>\n","protected":false},"excerpt":{"rendered":"<p>Hamburg, 26. Oktober 2017 Gewaltt\u00e4tiger Zwischenfall auf dem Campus der Hamburger Universit\u00e4t: W\u00e4hrend einer Sitzung des Studentenparlaments am Donnerstagabend griffen mutma\u00dflich linksextreme T\u00e4ter ein Mitglied der konservativen Hochschulgruppe RCDS an. Maurice Gesser, der auch stellvertretender Landesvorsitzender der Jungen Union ist, wurde von den Angreifern mit Schl\u00e4gen und Tritten leicht verletzt \u2013 die Polizei ermittelt nun [&hellip;]<\/p>\n","protected":false},"author":12080,"featured_media":0,"comment_status":"closed","ping_status":"closed","sticky":false,"template":"","format":"standard","meta":{"footnotes":""},"categories":[2],"tags":[88],"class_list":["post-6977","post","type-post","status-publish","format-standard","hentry","category-de","tag-hamburg"],"_links":{"self":[{"href":"https:\/\/chronik.noblogs.org\/index.php?rest_route=\/wp\/v2\/posts\/6977","targetHints":{"allow":["GET"]}}],"collection":[{"href":"https:\/\/chronik.noblogs.org\/index.php?rest_route=\/wp\/v2\/posts"}],"about":[{"href":"https:\/\/chronik.noblogs.org\/index.php?rest_route=\/wp\/v2\/types\/post"}],"author":[{"embeddable":true,"href":"https:\/\/chronik.noblogs.org\/index.php?rest_route=\/wp\/v2\/users\/12080"}],"replies":[{"embeddable":true,"href":"https:\/\/chronik.noblogs.org\/index.php?rest_route=%2Fwp%2Fv2%2Fcomments&post=6977"}],"version-history":[{"count":0,"href":"https:\/\/chronik.noblogs.org\/index.php?rest_route=\/wp\/v2\/posts\/6977\/revisions"}],"wp:attachment":[{"href":"https:\/\/chronik.noblogs.org\/index.php?rest_route=%2Fwp%2Fv2%2Fmedia&parent=6977"}],"wp:term":[{"taxonomy":"category","embeddable":true,"href":"https:\/\/chronik.noblogs.org\/index.php?rest_route=%2Fwp%2Fv2%2Fcategories&post=6977"},{"taxonomy":"post_tag","embeddable":true,"href":"https:\/\/chronik.noblogs.org\/index.php?rest_route=%2Fwp%2Fv2%2Ftags&post=6977"}],"curies":[{"name":"wp","href":"https:\/\/api.w.org\/{rel}","templated":true}]}}