{"id":6914,"date":"2017-09-01T00:00:54","date_gmt":"2017-08-31T22:00:54","guid":{"rendered":"http:\/\/chronik.blackblogs.org\/?p=6914"},"modified":"2017-09-01T00:00:54","modified_gmt":"2017-08-31T22:00:54","slug":"divieto-di-indymedia-linksunten-misura-preventiva","status":"publish","type":"post","link":"https:\/\/chronik.noblogs.org\/?p=6914","title":{"rendered":"Divieto di Indymedia Linksunten \u2013 Misura preventiva"},"content":{"rendered":"<p><a href=\"https:\/\/chronik.noblogs.org\/files\/2017\/09\/Indymedia.png\"><img loading=\"lazy\" decoding=\"async\" class=\"alignright wp-image-6821 size-medium\" src=\"https:\/\/chronik.noblogs.org\/files\/2017\/09\/Indymedia-300x278.png\" width=\"165\" height=\"278\"><\/a>Indymedia Linksunten \u00e8 vietata. Il 25 agosto 2017 a Freiburg in occasione del divieto della piattaforma linksunten.indymedia.org ci furono varie perquisizioni di case private e del Centro Autonomo KTS, ordinate dal ministero federale degli interni (BMI). Che su due piedi dichiarava Indymedia Linksunten come associazione che poi vietava. Una gestione continuata della piattaforma Internet ora \u00e8 reato, ma contro chi ne \u00e8 stato colpito per ora non ci sono dei procedimenti penali. La pagina Internet \u00e8 attualmente spenta, ma il server evidentemente non \u00e8 caduto nelle mani delle autorit\u00e0. Chi ha subito le perquisizioni ha impugnato ricorso e per il 9 settembre \u00e8 annunciata una manifestazione a Freiburg.<br \/>\n<!--more--><br \/>\nIn una carta diffusa alla conferenza stampa del BMI il giorno delle perquisizioni, citano in gran parte delle rivendicazioni d&#8217;azioni, documentate anche qui. Il divieto \u00e8 una risposta agli scontri G20 che appare piuttosto goffa: Giacch\u00e9 non si riesce a prendere chi vandalizza, ecco che tocca a chi ne riporta le notizie. Poco prima delle elezioni parlamentari federali, il divieto ha naturalmente molto a che vedere con la politica simbolo. Ma mostra anche che Linksunten Indymedia con i suoi contenuti radicali a vasto raggio e una costante protezione dell&#8217;anonimato di chi scrive \u00e8 riuscita ad essere una spina nel fianco dello Stato. Perci\u00f2 il divieto \u00e8 nel contempola conferma di una linea irriducibile<\/p>\n<p><strong>Misura preventiva<\/strong><\/p>\n<p>Per prevenire lo spegnimento e simili, abbiamo specchiato il chronik-Blog. Da subito tutti i testi sono richiamabili anche sotto <em><a href=\"https:\/\/chronik.noblogs.org\">chronik.noblogs.org<\/a><\/em>. Basta sostituire nell&#8217;indirizzo il \u201eblack\u201c con \u201eno\u201c. Il trucco funziona con tutti i testi e file.<\/p>\n<p>Esempi:<br \/>\nhttps:\/\/chronik.blackblogs.org&nbsp; a https:\/\/chronik.noblogs.org<br \/>\nhttps:\/\/chronik.blackblogs.org\/?p=6587 a https:\/\/chronik.noblogs.org\/?p=6587<\/p>\n<p>Chronik.blackblogs.org rimane la pagina principale ed \u00e8 spesso attualizzata. In aggiunta al nuovo indirizzo di ripiego, parti della pagina sono salvate anche nell&#8217;<a href=\"https:\/\/web.archive.org\/web\/*\/chronik.blackblogs.org\/*\">Internet Archive<\/a>.<\/p>\n<p>Che abbiamo pubblicato dei testi per primx, era finora piuttosto un&#8217;eccezione, ma non deve rimanere cos\u00ec:<\/p>\n<p><strong>Potete scriverci via i nostri <a href=\"https:\/\/chronik.blackblogs.org\/?page_id=666\">indirizzi Email<\/a> oppure il nostro formulario di contatto.<\/strong><\/p>\n<p><code>chronikde[at]insiberia.net &nbsp;&nbsp;<\/code> <code>chronikde[at]riseup.net<\/code><\/p>\n<p>Per un futuro combattivo! Creare e difendere i propri media!<\/p>\n<p>&nbsp;<\/p>\n<p>&nbsp;<\/p>\n<hr>\n<p><em>Causa lo spegnimento ci mancano ancora i seguenti testi:<\/em><br \/>\n<em> \u2013 Auto und Gegenst\u00e4nde eines Rechtsextremisten besch\u00e4digt. https:\/\/linksunten.indymedia.org\/de\/node\/220699<\/em><br \/>\n<em> \u2013 18.8. Steine gegen SPD&nbsp; https:\/\/linksunten.indymedia.org\/de\/node\/221218<\/em><br \/>\n<em> \u2013 16.8. N\u00fcrnberg. SB. Auto eines Gentrifizierers besch\u00e4digt https:\/\/linksunten.indymedia.org\/de\/node\/221079<\/em><\/p>\n","protected":false},"excerpt":{"rendered":"<p>Indymedia Linksunten \u00e8 vietata. Il 25 agosto 2017 a Freiburg in occasione del divieto della piattaforma linksunten.indymedia.org ci furono varie perquisizioni di case private e del Centro Autonomo KTS, ordinate dal ministero federale degli interni (BMI). Che su due piedi dichiarava Indymedia Linksunten come associazione che poi vietava. Una gestione continuata della piattaforma Internet ora [&hellip;]<\/p>\n","protected":false},"author":12080,"featured_media":0,"comment_status":"closed","ping_status":"closed","sticky":false,"template":"","format":"standard","meta":{"footnotes":""},"categories":[6],"tags":[],"class_list":["post-6914","post","type-post","status-publish","format-standard","hentry","category-it"],"_links":{"self":[{"href":"https:\/\/chronik.noblogs.org\/index.php?rest_route=\/wp\/v2\/posts\/6914","targetHints":{"allow":["GET"]}}],"collection":[{"href":"https:\/\/chronik.noblogs.org\/index.php?rest_route=\/wp\/v2\/posts"}],"about":[{"href":"https:\/\/chronik.noblogs.org\/index.php?rest_route=\/wp\/v2\/types\/post"}],"author":[{"embeddable":true,"href":"https:\/\/chronik.noblogs.org\/index.php?rest_route=\/wp\/v2\/users\/12080"}],"replies":[{"embeddable":true,"href":"https:\/\/chronik.noblogs.org\/index.php?rest_route=%2Fwp%2Fv2%2Fcomments&post=6914"}],"version-history":[{"count":0,"href":"https:\/\/chronik.noblogs.org\/index.php?rest_route=\/wp\/v2\/posts\/6914\/revisions"}],"wp:attachment":[{"href":"https:\/\/chronik.noblogs.org\/index.php?rest_route=%2Fwp%2Fv2%2Fmedia&parent=6914"}],"wp:term":[{"taxonomy":"category","embeddable":true,"href":"https:\/\/chronik.noblogs.org\/index.php?rest_route=%2Fwp%2Fv2%2Fcategories&post=6914"},{"taxonomy":"post_tag","embeddable":true,"href":"https:\/\/chronik.noblogs.org\/index.php?rest_route=%2Fwp%2Fv2%2Ftags&post=6914"}],"curies":[{"name":"wp","href":"https:\/\/api.w.org\/{rel}","templated":true}]}}