{"id":6723,"date":"2017-07-06T00:00:04","date_gmt":"2017-07-05T22:00:04","guid":{"rendered":"http:\/\/chronik.blackblogs.org\/?p=6723"},"modified":"2017-07-06T00:00:04","modified_gmt":"2017-07-05T22:00:04","slug":"feu-a-la-police-judiciaire-2","status":"publish","type":"post","link":"https:\/\/chronik.noblogs.org\/?p=6723","title":{"rendered":"Feu \u00e0 la p\u00f4le Porsche"},"content":{"rendered":"<p><strong><a href=\"https:\/\/chronik.noblogs.org\/files\/2017\/07\/porsch.jpg\"><img loading=\"lazy\" decoding=\"async\" class=\"alignright size-medium wp-image-6569\" src=\"https:\/\/chronik.noblogs.org\/files\/2017\/07\/porsch-300x150.jpg\" alt=\"\" width=\"300\" height=\"150\" srcset=\"https:\/\/chronik.noblogs.org\/files\/2017\/07\/porsch-300x150.jpg 300w, https:\/\/chronik.noblogs.org\/files\/2017\/07\/porsch-768x385.jpg 768w, https:\/\/chronik.noblogs.org\/files\/2017\/07\/porsch.jpg 938w\" sizes=\"auto, (max-width: 300px) 100vw, 300px\" \/><\/a>Hambourg (Hamburg)<\/strong>, 6&nbsp;<span class=\"submitted\">Juillet<\/span> 2017<\/p>\n<blockquote><p>Peut-\u00eatre dans un m\u00e9lange de \u00ab sang-froid et de d\u00e9termination \u00bb, nous avons incendi\u00e9 ce matin (6 juillet 2017) de nombreuses voitures de luxe toute neuve gar\u00e9es sur le terrain ext\u00e9rieur du p\u00f4le Porsche \u00e0 Eidelstedt malgr\u00e9 les rondes des agents de s\u00e9curit\u00e9.<br \/>\n<!--more--><br \/>\nAvant qu\u2019elles nous donnent la gerbe en circulant dans les rues, nous nous sommes d\u00e9cid\u00e9s \u00e0 les d\u00e9truire \u00e0 titre pr\u00e9ventif, juste apr\u00e8s qu\u2019elles ont \u00e9t\u00e9 fra\u00eechement livr\u00e9es. Dans un contexte de manque criant de logements (et pas uniquement parmi les protestataires en p\u00e9riode de sommet! [1]) dans une ville avec les plus nombreux et plus gros sacs d\u2019argent, la richesse exhib\u00e9e dans les rues nous d\u00e9go\u00fbtent. Dans ce contexte, nous souhaiterions citer le projet de prestige de construire \u00e0 Hambourg un nouveau p\u00f4le Porsche pour la frime, qui est actuellement en cours de construction.<\/p>\n<p>Nous nous sommes \u00e9galement retrouv\u00e9s pour d\u00e9fier les d\u00e9lires du pouvoir d\u2019un s\u00e9nat \u00e0 l\u2019int\u00e9rieur [2] qui consistent \u00e0 \u00e9touffer toute autonomie d\u2019action au c\u0153ur d\u2019une m\u00e9tropole sous \u00e9tat d\u2019urgence avec un dispositif policier \u00e9norme. Non, Andy [4], \u00e7a ne marche pas ! Il est possible de r\u00e9sister, quelque soit la taille du dispositif de canons \u00e0 eau toujours plus puissants. Nous appara\u00eetrons \u00e0 des endroits que vous ne verrez pas \u00e0 l\u2019\u00e9cran. Vos pr\u00e9tentions \u00e0 un contr\u00f4le brutal de la contestation afin de donner l\u2019illusion d\u2019une des meilleurs performances polici\u00e8res vous brisera la nuque.<\/p>\n<p>Par ce petit feu de luxe, nous aimerions r\u00e9chauffer le c\u0153ur de tous les amis d\u2019Europe qui sont en route pour Hambourg, malgr\u00e9 les effets de dissuasion v\u00e9hicul\u00e9s par les m\u00e9dias. Super que vous soyez pr\u00e9sents!<\/p>\n<p>Salutations chaleureuses aux prisonniers anarchistes !<\/p>\n<p>NdT:<br \/>\n[1] En d\u00e9but de semaine, le camp des opposant-es \u00e0 Entenwerder a \u00e9t\u00e9 brutalement expuls\u00e9 par les flics. Les autorit\u00e9s ont fait passer un arr\u00eat\u00e9 interdisant le camp officiel. Le 4 juillet, plusieurs manifs ont eu lieu contre ces intimidations polici\u00e8res. R\u00e9sultat: plusieurs campements sont \u00e9parpill\u00e9s \u00e0 travers la ville, principalement dans des parcs, des lieux alternatifs (Rote Flora) ou encore au th\u00e9atre de la ville (le directeur ayant ouvert les portes aux opposants matraqu\u00e9s et chass\u00e9s de Entenwerder.<\/p>\n<p>[2] \u00c9quivalent en France du ministre de l\u2019int\u00e9rieur.<\/p>\n<p>[3] Nom du s\u00e9nateur \u00e0 l\u2019int\u00e9rieur, Andy Grote (SPD)<\/p><\/blockquote>\n<p><strong>Source<\/strong>: <a href=\"https:\/\/linksunten.indymedia.org\/fr\/node\/217570\"><span class=\"submitted\">sansattendre.noblogs.org<\/span><\/a><\/p>\n","protected":false},"excerpt":{"rendered":"<p>Hambourg (Hamburg), 6&nbsp;Juillet 2017 Peut-\u00eatre dans un m\u00e9lange de \u00ab sang-froid et de d\u00e9termination \u00bb, nous avons incendi\u00e9 ce matin (6 juillet 2017) de nombreuses voitures de luxe toute neuve gar\u00e9es sur le terrain ext\u00e9rieur du p\u00f4le Porsche \u00e0 Eidelstedt malgr\u00e9 les rondes des agents de s\u00e9curit\u00e9.<\/p>\n","protected":false},"author":12080,"featured_media":0,"comment_status":"closed","ping_status":"closed","sticky":false,"template":"","format":"standard","meta":{"footnotes":""},"categories":[5],"tags":[88],"class_list":["post-6723","post","type-post","status-publish","format-standard","hentry","category-fr","tag-hamburg"],"_links":{"self":[{"href":"https:\/\/chronik.noblogs.org\/index.php?rest_route=\/wp\/v2\/posts\/6723","targetHints":{"allow":["GET"]}}],"collection":[{"href":"https:\/\/chronik.noblogs.org\/index.php?rest_route=\/wp\/v2\/posts"}],"about":[{"href":"https:\/\/chronik.noblogs.org\/index.php?rest_route=\/wp\/v2\/types\/post"}],"author":[{"embeddable":true,"href":"https:\/\/chronik.noblogs.org\/index.php?rest_route=\/wp\/v2\/users\/12080"}],"replies":[{"embeddable":true,"href":"https:\/\/chronik.noblogs.org\/index.php?rest_route=%2Fwp%2Fv2%2Fcomments&post=6723"}],"version-history":[{"count":0,"href":"https:\/\/chronik.noblogs.org\/index.php?rest_route=\/wp\/v2\/posts\/6723\/revisions"}],"wp:attachment":[{"href":"https:\/\/chronik.noblogs.org\/index.php?rest_route=%2Fwp%2Fv2%2Fmedia&parent=6723"}],"wp:term":[{"taxonomy":"category","embeddable":true,"href":"https:\/\/chronik.noblogs.org\/index.php?rest_route=%2Fwp%2Fv2%2Fcategories&post=6723"},{"taxonomy":"post_tag","embeddable":true,"href":"https:\/\/chronik.noblogs.org\/index.php?rest_route=%2Fwp%2Fv2%2Ftags&post=6723"}],"curies":[{"name":"wp","href":"https:\/\/api.w.org\/{rel}","templated":true}]}}