{"id":6711,"date":"2017-07-03T00:00:26","date_gmt":"2017-07-02T22:00:26","guid":{"rendered":"http:\/\/chronik.blackblogs.org\/?p=6711"},"modified":"2017-07-03T00:00:26","modified_gmt":"2017-07-02T22:00:26","slug":"vernice-alla-casa-della-vicesindaca","status":"publish","type":"post","link":"https:\/\/chronik.noblogs.org\/?p=6711","title":{"rendered":"Vernice alla casa della vicesindaca"},"content":{"rendered":"<p><strong><a href=\"https:\/\/chronik.noblogs.org\/files\/2017\/07\/kat.png\"><img loading=\"lazy\" decoding=\"async\" class=\"alignright size-medium wp-image-6599\" src=\"https:\/\/chronik.noblogs.org\/files\/2017\/07\/kat-253x300.png\" alt=\"\" width=\"253\" height=\"300\" srcset=\"https:\/\/chronik.noblogs.org\/files\/2017\/07\/kat-253x300.png 253w, https:\/\/chronik.noblogs.org\/files\/2017\/07\/kat.png 756w\" sizes=\"auto, (max-width: 253px) 100vw, 253px\" \/><\/a>Amburgo (Hamburg)<\/strong>, 3 luglio 2017<\/p>\n<blockquote><p>\u201c\u00c8 ora per qualcosa di nuovo, per idee nuove, e allora, gente, mettiamoci in cammino, insieme! Andiamo!\u201d<br \/>\nStamani abbiamo m con la vernice la casa urbana della vicesindaca in via Eilenau 49. Katharina Fegebank ha sostituito la propria bella casa terrazzata nel quartiere Schanzen con una casa nobile nella borghese Eilbeck. Dopo gli attacchi con la vernice alla sua casa si dava molto da fare per rimanere anonima.<br \/>\nDa vicesindaca partecipava dal 2015 ai preparativi per il G20 ad Amburgo.<br \/>\n<!--more-->&nbsp;<br \/>\n14 giorni fa ha di nuovo dichiarato la sua fiducia al senatore degli interni e sottolineato che i verdi di Amburgo rendono tuttavia possibili pi\u00f9 di 20 manifestazioni. Il senatore degli interni e gli sbirri con la loro pratica del divieto di campeggiare tentano di scoraggiare pi\u00f9 persone che possono di viaggiare ad Amburgo per protestare. Fegebank e i verdi sostengono tutto questo!<\/p>\n<p>Noi riteniamo l&#8217;amministrazione degli interni capace di ogni male nei prossimi giorni e ci si deve aspettare uno degli interventi di polizia pi\u00f9 infami nella storia della BRD.<br \/>\nMa ci sar\u00e0 anche un magnifico fuoco d&#8217;artificio d&#8217;azioni sovversive! Non \u00e8 da escludere che il governo rosso-verde si spaccher\u00e0.<br \/>\nNoi gli diciamo gi\u00e0 da ora Tsch\u00fcss e promettiamo che continueremo a molestare chi ha progettato e organizzato il vertice!<\/p>\n<p>Fuoco e fiamme ad Amburgo!<\/p>\n<p>Un giornale nazionale fa pubblicit\u00e0 con la parola d&#8217;ordine: NoG20, l&#8217;insurrezione di Amburgo 2017. Non suona poi tanto male, no?<br \/>\nRiguardatevi!<\/p><\/blockquote>\n<p><strong>Fonte<\/strong>: <a href=\"https:\/\/linksunten.indymedia.org\/en\/node\/220753\">Linksunten<\/a><\/p>\n","protected":false},"excerpt":{"rendered":"<p>Amburgo (Hamburg), 3 luglio 2017 \u201c\u00c8 ora per qualcosa di nuovo, per idee nuove, e allora, gente, mettiamoci in cammino, insieme! Andiamo!\u201d Stamani abbiamo m con la vernice la casa urbana della vicesindaca in via Eilenau 49. Katharina Fegebank ha sostituito la propria bella casa terrazzata nel quartiere Schanzen con una casa nobile nella borghese [&hellip;]<\/p>\n","protected":false},"author":12080,"featured_media":0,"comment_status":"closed","ping_status":"closed","sticky":false,"template":"","format":"standard","meta":{"footnotes":""},"categories":[6],"tags":[88],"class_list":["post-6711","post","type-post","status-publish","format-standard","hentry","category-it","tag-hamburg"],"_links":{"self":[{"href":"https:\/\/chronik.noblogs.org\/index.php?rest_route=\/wp\/v2\/posts\/6711","targetHints":{"allow":["GET"]}}],"collection":[{"href":"https:\/\/chronik.noblogs.org\/index.php?rest_route=\/wp\/v2\/posts"}],"about":[{"href":"https:\/\/chronik.noblogs.org\/index.php?rest_route=\/wp\/v2\/types\/post"}],"author":[{"embeddable":true,"href":"https:\/\/chronik.noblogs.org\/index.php?rest_route=\/wp\/v2\/users\/12080"}],"replies":[{"embeddable":true,"href":"https:\/\/chronik.noblogs.org\/index.php?rest_route=%2Fwp%2Fv2%2Fcomments&post=6711"}],"version-history":[{"count":0,"href":"https:\/\/chronik.noblogs.org\/index.php?rest_route=\/wp\/v2\/posts\/6711\/revisions"}],"wp:attachment":[{"href":"https:\/\/chronik.noblogs.org\/index.php?rest_route=%2Fwp%2Fv2%2Fmedia&parent=6711"}],"wp:term":[{"taxonomy":"category","embeddable":true,"href":"https:\/\/chronik.noblogs.org\/index.php?rest_route=%2Fwp%2Fv2%2Fcategories&post=6711"},{"taxonomy":"post_tag","embeddable":true,"href":"https:\/\/chronik.noblogs.org\/index.php?rest_route=%2Fwp%2Fv2%2Ftags&post=6711"}],"curies":[{"name":"wp","href":"https:\/\/api.w.org\/{rel}","templated":true}]}}