{"id":6648,"date":"2017-07-12T00:00:04","date_gmt":"2017-07-11T22:00:04","guid":{"rendered":"http:\/\/chronik.blackblogs.org\/?p=6648"},"modified":"2017-07-12T00:00:04","modified_gmt":"2017-07-11T22:00:04","slug":"brandanschlag-auf-gueterverkehr","status":"publish","type":"post","link":"https:\/\/chronik.noblogs.org\/?p=6648","title":{"rendered":"Brandanschlag auf G\u00fcterverkehr"},"content":{"rendered":"<p><strong>M\u00fcnchen<\/strong>, 12. Juli 2017<\/p>\n<blockquote><p>zwischen allach und unterf\u00f6hring existiert ein f\u00fcr m\u00fcnchen zentraler schienensabschnitt f\u00fcr r\u00fcstungskonzerne, deren zulieferbetriebe und weiterer kapitalistischer firmen. das schienennetz wird auschlie\u00dflich f\u00fcr den g\u00fcterverkehr zum transport von metallen, pkws und nutzfahrzeugen verwendet. krauss-maffei, man, mtu, bmw, die linde ag und der euroindustriepark besitzen hier direkte schienenanbindungen.<br \/>\n<!--more--><br \/>\ndaher haben wir in der nacht vom 11.7. auf dem 12.7. an zwei stellen wo sich die schienen verdichten brands\u00e4tze quer \u00fcber die kabelstr\u00e4nge gelegt (die kabelstr\u00e4nge befinden sich unter den parallel zu den schienen verlaufenen gehwegplatten). um die kurzschluss wahrscheinlichkeit zu erh\u00f6hen haben wir lange n\u00e4gel in die mit benzin gef\u00fcllten plasikflaschen gemischt. die brands\u00e4tze wurden durch au\u00dfen angebrachte wunderkerzen gez\u00fcndet.<\/p>\n<p>die logistik und infrastruktur von ausbeutung und herrschaft sabotieren<\/p><\/blockquote>\n<p><strong>Quelle<\/strong>: <a href=\"https:\/\/linksunten.indymedia.org\/de\/node\/218611\">Linksunten<\/a><\/p>\n","protected":false},"excerpt":{"rendered":"<p>M\u00fcnchen, 12. Juli 2017 zwischen allach und unterf\u00f6hring existiert ein f\u00fcr m\u00fcnchen zentraler schienensabschnitt f\u00fcr r\u00fcstungskonzerne, deren zulieferbetriebe und weiterer kapitalistischer firmen. das schienennetz wird auschlie\u00dflich f\u00fcr den g\u00fcterverkehr zum transport von metallen, pkws und nutzfahrzeugen verwendet. krauss-maffei, man, mtu, bmw, die linde ag und der euroindustriepark besitzen hier direkte schienenanbindungen.<\/p>\n","protected":false},"author":12080,"featured_media":0,"comment_status":"closed","ping_status":"closed","sticky":false,"template":"","format":"standard","meta":{"footnotes":""},"categories":[2],"tags":[138],"class_list":["post-6648","post","type-post","status-publish","format-standard","hentry","category-de","tag-muenchen"],"_links":{"self":[{"href":"https:\/\/chronik.noblogs.org\/index.php?rest_route=\/wp\/v2\/posts\/6648","targetHints":{"allow":["GET"]}}],"collection":[{"href":"https:\/\/chronik.noblogs.org\/index.php?rest_route=\/wp\/v2\/posts"}],"about":[{"href":"https:\/\/chronik.noblogs.org\/index.php?rest_route=\/wp\/v2\/types\/post"}],"author":[{"embeddable":true,"href":"https:\/\/chronik.noblogs.org\/index.php?rest_route=\/wp\/v2\/users\/12080"}],"replies":[{"embeddable":true,"href":"https:\/\/chronik.noblogs.org\/index.php?rest_route=%2Fwp%2Fv2%2Fcomments&post=6648"}],"version-history":[{"count":0,"href":"https:\/\/chronik.noblogs.org\/index.php?rest_route=\/wp\/v2\/posts\/6648\/revisions"}],"wp:attachment":[{"href":"https:\/\/chronik.noblogs.org\/index.php?rest_route=%2Fwp%2Fv2%2Fmedia&parent=6648"}],"wp:term":[{"taxonomy":"category","embeddable":true,"href":"https:\/\/chronik.noblogs.org\/index.php?rest_route=%2Fwp%2Fv2%2Fcategories&post=6648"},{"taxonomy":"post_tag","embeddable":true,"href":"https:\/\/chronik.noblogs.org\/index.php?rest_route=%2Fwp%2Fv2%2Ftags&post=6648"}],"curies":[{"name":"wp","href":"https:\/\/api.w.org\/{rel}","templated":true}]}}