{"id":6645,"date":"2017-07-18T00:00:35","date_gmt":"2017-07-17T22:00:35","guid":{"rendered":"http:\/\/chronik.blackblogs.org\/?p=6645"},"modified":"2017-07-18T00:00:35","modified_gmt":"2017-07-17T22:00:35","slug":"sechs-polizeitransporter-ausgebrannt","status":"publish","type":"post","link":"https:\/\/chronik.noblogs.org\/?p=6645","title":{"rendered":"Sechs Polizeitransporter ausgebrannt"},"content":{"rendered":"<p><strong><a href=\"https:\/\/chronik.noblogs.org\/files\/2017\/08\/218551.jpg\"><img loading=\"lazy\" decoding=\"async\" class=\"alignright size-medium wp-image-6646\" src=\"https:\/\/chronik.noblogs.org\/files\/2017\/08\/218551-300x200.jpg\" alt=\"\" width=\"300\" height=\"200\" srcset=\"https:\/\/chronik.noblogs.org\/files\/2017\/08\/218551-300x200.jpg 300w, https:\/\/chronik.noblogs.org\/files\/2017\/08\/218551-768x512.jpg 768w, https:\/\/chronik.noblogs.org\/files\/2017\/08\/218551-1024x682.jpg 1024w, https:\/\/chronik.noblogs.org\/files\/2017\/08\/218551.jpg 1498w\" sizes=\"auto, (max-width: 300px) 100vw, 300px\" \/><\/a>Bielefeld<\/strong>, 18. Juli 2017<\/p>\n<blockquote><p>Vor einer Polizeiwache an der Lerchenstra\u00dfe in Bielefeld sind in der Nacht zum Dienstag sechs Einsatzfahrzeuge in Flammen aufgegangen. Brandstiftung k\u00f6nne nicht ausgeschlossen werden, sagte ein Polizeisprecher am Morgen. Der Staatsschutz ermittelt.<\/p>\n<p>Betroffen waren Gruppenfahrzeuge der Bereitschaftspolizei Bielefeld. Sie waren unter einem Carport abgestellt und brannten aus. Drei weitere Transporter der Hundertschaft und die \u00dcberdachung wurden nach Polizeiangaben besch\u00e4digt.<br \/>\n<!--more--><br \/>\nDas Feuer wurde gegen 2.40 Uhr entdeckt. Als Streifenwagen auf dem umz\u00e4unten Gel\u00e4nde eintrafen, sahen die Polizisten auf dem Parkplatz neben dem Dienstgeb\u00e4ude die sechs brennenden Einsatzfahrzeuge. Die Feuerwehr r\u00fcckte mit mehreren L\u00f6schfahrzeugen an.<\/p>\n<p>Auch vor der Wache sind nach Informationen dieser Zeitung Gegenst\u00e4nde angez\u00fcndet worden. Die T\u00e4ter seien unerkannt entkommen, hie\u00df es.<\/p>\n<p>Der Sachschaden bel\u00e4uft sich nach ersten Sch\u00e4tzungen auf etwa 300.000 Euro. Verletzt wurde niemand.<\/p>\n<p>Bislang keine Hinweise auf m\u00f6gliche T\u00e4ter<\/p>\n<p>Der f\u00fcr politische Straftaten zust\u00e4ndige Staatsschutz der Polizei Bielefeld hat die Ermittlungen aufgenommen. Eine 13-k\u00f6pfige Kommission wurde gebildet.<\/p>\n<p>\u00bbBislang liegen keine Hinweise auf m\u00f6gliche T\u00e4ter oder ein m\u00f6gliches Motiv vor\u00ab, schreibt die Polizei in einer Mitteilung.<\/p>\n<p>Die Polizei bittet Zeugen , die etwas Auff\u00e4lliges rund um das Polizeigel\u00e4nde beobachtet haben, sich im Polizeipr\u00e4sidium Bielefeld zu melden : Kriminalkommissariat Staatsschutz, XX.<\/p>\n<p>Besch\u00e4digungen in M\u00fcnster<\/p>\n<p>Ein Zusammenhang mit den Einsatz der Bielefelder Hundertschaft beim G20-Gipfel in Hamburg wird nicht ausgeschlossen, so Informationen dieser Zeitung. Allerdings waren die Kr\u00e4fte aus Bielefeld nicht an den Brennpunkten im Schanzenviertel zum Einsatz gekommen.<\/p>\n<p>In der vergangenen Woche hatten Unbekannte bereits Fahrzeuge der Bereitschaftspolizei in M\u00fcnster besch\u00e4digt. Spr\u00fcche wie \u00bbF\u00fchlt Euch niemals sicher\u00ab waren in die Fensterscheiben geritzt worden.<\/p><\/blockquote>\n<p><strong>Quelle<\/strong>: <a href=\"https:\/\/linksunten.indymedia.org\/de\/node\/218550\">Westfalen Blatt<\/a><\/p>\n","protected":false},"excerpt":{"rendered":"<p>Bielefeld, 18. Juli 2017 Vor einer Polizeiwache an der Lerchenstra\u00dfe in Bielefeld sind in der Nacht zum Dienstag sechs Einsatzfahrzeuge in Flammen aufgegangen. Brandstiftung k\u00f6nne nicht ausgeschlossen werden, sagte ein Polizeisprecher am Morgen. Der Staatsschutz ermittelt. Betroffen waren Gruppenfahrzeuge der Bereitschaftspolizei Bielefeld. Sie waren unter einem Carport abgestellt und brannten aus. Drei weitere Transporter der [&hellip;]<\/p>\n","protected":false},"author":12080,"featured_media":0,"comment_status":"closed","ping_status":"closed","sticky":false,"template":"","format":"standard","meta":{"footnotes":""},"categories":[2],"tags":[25],"class_list":["post-6645","post","type-post","status-publish","format-standard","hentry","category-de","tag-bielefeld"],"_links":{"self":[{"href":"https:\/\/chronik.noblogs.org\/index.php?rest_route=\/wp\/v2\/posts\/6645","targetHints":{"allow":["GET"]}}],"collection":[{"href":"https:\/\/chronik.noblogs.org\/index.php?rest_route=\/wp\/v2\/posts"}],"about":[{"href":"https:\/\/chronik.noblogs.org\/index.php?rest_route=\/wp\/v2\/types\/post"}],"author":[{"embeddable":true,"href":"https:\/\/chronik.noblogs.org\/index.php?rest_route=\/wp\/v2\/users\/12080"}],"replies":[{"embeddable":true,"href":"https:\/\/chronik.noblogs.org\/index.php?rest_route=%2Fwp%2Fv2%2Fcomments&post=6645"}],"version-history":[{"count":0,"href":"https:\/\/chronik.noblogs.org\/index.php?rest_route=\/wp\/v2\/posts\/6645\/revisions"}],"wp:attachment":[{"href":"https:\/\/chronik.noblogs.org\/index.php?rest_route=%2Fwp%2Fv2%2Fmedia&parent=6645"}],"wp:term":[{"taxonomy":"category","embeddable":true,"href":"https:\/\/chronik.noblogs.org\/index.php?rest_route=%2Fwp%2Fv2%2Fcategories&post=6645"},{"taxonomy":"post_tag","embeddable":true,"href":"https:\/\/chronik.noblogs.org\/index.php?rest_route=%2Fwp%2Fv2%2Ftags&post=6645"}],"curies":[{"name":"wp","href":"https:\/\/api.w.org\/{rel}","templated":true}]}}