{"id":6562,"date":"2017-06-29T00:00:36","date_gmt":"2017-06-28T22:00:36","guid":{"rendered":"http:\/\/chronik.blackblogs.org\/?p=6562"},"modified":"2017-06-29T00:00:36","modified_gmt":"2017-06-28T22:00:36","slug":"vonovia-auto-abgefackelt","status":"publish","type":"post","link":"https:\/\/chronik.noblogs.org\/?p=6562","title":{"rendered":"Vonovia Auto abgefackelt"},"content":{"rendered":"<p><strong><a href=\"https:\/\/chronik.noblogs.org\/files\/2017\/07\/von.png\"><img loading=\"lazy\" decoding=\"async\" class=\"alignright size-medium wp-image-6563\" src=\"https:\/\/chronik.noblogs.org\/files\/2017\/07\/von-300x169.png\" alt=\"\" width=\"300\" height=\"169\" srcset=\"https:\/\/chronik.noblogs.org\/files\/2017\/07\/von-300x169.png 300w, https:\/\/chronik.noblogs.org\/files\/2017\/07\/von-768x432.png 768w, https:\/\/chronik.noblogs.org\/files\/2017\/07\/von.png 1000w\" sizes=\"auto, (max-width: 300px) 100vw, 300px\" \/><\/a>Dresden<\/strong>, <span class=\"submitted\">29. Juni 2017<\/span><\/p>\n<blockquote><p>&#8220;Wenn Harry F\u00f6rster auf sein Konto guckt, ist er gar nicht gl\u00fccklich. Neben den \u00fcblichen Posten von Versicherungen, Eink\u00e4ufen und Telefon gibt es vor allem einen Punkt, der ihm Sorgen bereitet. Seine Miete. K\u00fcnftig soll er knapp 60 Euro mehr an seinen Vermieter, die Vonovia \u00fcberweisen. Und das jeden Monat.&#8221;<br \/>\n<!--more--><br \/>\nMit fadenscheinigen Argumenten wie \u00c4nderung der Wohnlage, erh\u00f6ht Vonovia seit Jahresbeginn mehr als 2 000 Mieten in Dresden. Der Konzern ist unter anderem eines der gr\u00f6\u00dften Imobilienkonzerne in ganz Deutschland und besitzt allein in Dresden 48 000 Wohnungen. Vonovia hat im letztem Jahr seinen Gewinn mehr als verdoppelt und 2.5 Milliarden Euro eingenommen. Dies ist dem Konzern noch nicht genug und er will in den n\u00e4chsten Jahren noch mehr Neubauten errichten, Aufstockungen und Moderisierungen betreiben.<\/p>\n<p>Zum Beispiel in der Pirnaischen Vorstadt will Vonovia mehere Gr\u00fcnfl\u00e4chen mit neuen H\u00e4usern zubauen. Gegen diese Bestrebungen haben sich Anwohner_innen zusammengetan und wollen dieses Unterfangen des Konzerns verhindern.<\/p>\n<p>Auch wir wollen dies alles nicht unkommentiert hinnehmen. Deswegen haben wir letzte Nacht ein Firmenauto von Vonovia in Brand gesteckt. Wir haben kein Lust auf Mieterh\u00f6hungen, Wohnraumverbesserungen und Neubauten die sich kein Mensch leisten kann. Gerade heute wurde in Berlin der Kiezladen &#8220;Friedel 54&#8221; ger\u00e4umt. Das zeigt wohin zunehmende Gentrifizierung und der Wille von Steigerung des Kapitals f\u00fchrt.<\/p>\n<p>Wir stellen unsere Tat auch in Zusammenhang mit den Protesten zum G20 Gipfel.<br \/>\nWohnraum f\u00fcr alle, wir sehen uns in Hamburg!<\/p><\/blockquote>\n<p><strong>Quelle<\/strong>: <a href=\"https:\/\/linksunten.indymedia.org\/de\/node\/216875\">Linksunten<\/a><\/p>\n","protected":false},"excerpt":{"rendered":"<p>Dresden, 29. Juni 2017 &#8220;Wenn Harry F\u00f6rster auf sein Konto guckt, ist er gar nicht gl\u00fccklich. Neben den \u00fcblichen Posten von Versicherungen, Eink\u00e4ufen und Telefon gibt es vor allem einen Punkt, der ihm Sorgen bereitet. Seine Miete. K\u00fcnftig soll er knapp 60 Euro mehr an seinen Vermieter, die Vonovia \u00fcberweisen. Und das jeden Monat.&#8221;<\/p>\n","protected":false},"author":12080,"featured_media":0,"comment_status":"closed","ping_status":"closed","sticky":false,"template":"","format":"standard","meta":{"footnotes":""},"categories":[2],"tags":[52],"class_list":["post-6562","post","type-post","status-publish","format-standard","hentry","category-de","tag-dresden"],"_links":{"self":[{"href":"https:\/\/chronik.noblogs.org\/index.php?rest_route=\/wp\/v2\/posts\/6562","targetHints":{"allow":["GET"]}}],"collection":[{"href":"https:\/\/chronik.noblogs.org\/index.php?rest_route=\/wp\/v2\/posts"}],"about":[{"href":"https:\/\/chronik.noblogs.org\/index.php?rest_route=\/wp\/v2\/types\/post"}],"author":[{"embeddable":true,"href":"https:\/\/chronik.noblogs.org\/index.php?rest_route=\/wp\/v2\/users\/12080"}],"replies":[{"embeddable":true,"href":"https:\/\/chronik.noblogs.org\/index.php?rest_route=%2Fwp%2Fv2%2Fcomments&post=6562"}],"version-history":[{"count":0,"href":"https:\/\/chronik.noblogs.org\/index.php?rest_route=\/wp\/v2\/posts\/6562\/revisions"}],"wp:attachment":[{"href":"https:\/\/chronik.noblogs.org\/index.php?rest_route=%2Fwp%2Fv2%2Fmedia&parent=6562"}],"wp:term":[{"taxonomy":"category","embeddable":true,"href":"https:\/\/chronik.noblogs.org\/index.php?rest_route=%2Fwp%2Fv2%2Fcategories&post=6562"},{"taxonomy":"post_tag","embeddable":true,"href":"https:\/\/chronik.noblogs.org\/index.php?rest_route=%2Fwp%2Fv2%2Ftags&post=6562"}],"curies":[{"name":"wp","href":"https:\/\/api.w.org\/{rel}","templated":true}]}}