{"id":6490,"date":"2017-05-04T00:00:30","date_gmt":"2017-05-03T22:00:30","guid":{"rendered":"http:\/\/chronik.blackblogs.org\/?p=6490"},"modified":"2017-05-04T00:00:30","modified_gmt":"2017-05-03T22:00:30","slug":"gomme-bucate-allauto-di-doris-von-sayn-wittgenstein-afd","status":"publish","type":"post","link":"https:\/\/chronik.noblogs.org\/?p=6490","title":{"rendered":"Gomme bucate all&#8217;auto di Doris von Sayn-Wittgenstein (AfD)"},"content":{"rendered":"<p><strong>Lubecca (L\u00fcbeck)<\/strong>, 4 maggio 2017<\/p>\n<blockquote><p>Doris von Sayn Wiggenstein \u00e8 razzista.<br \/>\n\u00c8 della direzione regionale AfD.<br \/>\n\u00c8 candidata nella lista elettorale regionale.<br \/>\nIeri da oratrice AfD ha manifestato i suoi luoghi comuni razzisti.<br \/>\nHa una Panda rossa targata HD GD 573.<br \/>\nParcheggia la sua auto vicino al luogo dell&#8217;iniziativa.<br \/>\nHa alcune gomme a terra.<br \/>\nNon poteva tornare a casa in auto.<br \/>\nSi sente sicura.<br \/>\nAvr\u00e0 di che stupirsi.<br \/>\nAttaccare lx razzistx!<\/p><\/blockquote>\n<p><strong>Fonte<\/strong>: Linksunten, mc<\/p>\n","protected":false},"excerpt":{"rendered":"<p>Lubecca (L\u00fcbeck), 4 maggio 2017 Doris von Sayn Wiggenstein \u00e8 razzista. \u00c8 della direzione regionale AfD. \u00c8 candidata nella lista elettorale regionale. Ieri da oratrice AfD ha manifestato i suoi luoghi comuni razzisti. Ha una Panda rossa targata HD GD 573. Parcheggia la sua auto vicino al luogo dell&#8217;iniziativa. Ha alcune gomme a terra. Non [&hellip;]<\/p>\n","protected":false},"author":12080,"featured_media":0,"comment_status":"closed","ping_status":"closed","sticky":false,"template":"","format":"standard","meta":{"footnotes":""},"categories":[6],"tags":[121],"class_list":["post-6490","post","type-post","status-publish","format-standard","hentry","category-it","tag-luebeck"],"_links":{"self":[{"href":"https:\/\/chronik.noblogs.org\/index.php?rest_route=\/wp\/v2\/posts\/6490","targetHints":{"allow":["GET"]}}],"collection":[{"href":"https:\/\/chronik.noblogs.org\/index.php?rest_route=\/wp\/v2\/posts"}],"about":[{"href":"https:\/\/chronik.noblogs.org\/index.php?rest_route=\/wp\/v2\/types\/post"}],"author":[{"embeddable":true,"href":"https:\/\/chronik.noblogs.org\/index.php?rest_route=\/wp\/v2\/users\/12080"}],"replies":[{"embeddable":true,"href":"https:\/\/chronik.noblogs.org\/index.php?rest_route=%2Fwp%2Fv2%2Fcomments&post=6490"}],"version-history":[{"count":0,"href":"https:\/\/chronik.noblogs.org\/index.php?rest_route=\/wp\/v2\/posts\/6490\/revisions"}],"wp:attachment":[{"href":"https:\/\/chronik.noblogs.org\/index.php?rest_route=%2Fwp%2Fv2%2Fmedia&parent=6490"}],"wp:term":[{"taxonomy":"category","embeddable":true,"href":"https:\/\/chronik.noblogs.org\/index.php?rest_route=%2Fwp%2Fv2%2Fcategories&post=6490"},{"taxonomy":"post_tag","embeddable":true,"href":"https:\/\/chronik.noblogs.org\/index.php?rest_route=%2Fwp%2Fv2%2Ftags&post=6490"}],"curies":[{"name":"wp","href":"https:\/\/api.w.org\/{rel}","templated":true}]}}