{"id":6468,"date":"2017-06-06T00:00:06","date_gmt":"2017-06-05T22:00:06","guid":{"rendered":"http:\/\/chronik.blackblogs.org\/?p=6468"},"modified":"2017-06-06T00:00:06","modified_gmt":"2017-06-05T22:00:06","slug":"attaque-sur-la-voiture-de-nazi","status":"publish","type":"post","link":"https:\/\/chronik.noblogs.org\/?p=6468","title":{"rendered":"Attaque sur la voiture de nazi"},"content":{"rendered":"<p><strong>Francfort (Frankfurt am Main)<\/strong>,<\/p>\n<blockquote><p>Nous avons allume la voiture du nazi Wolfgang Lutz (maintenant Lutz-Weber \/ Altk\u00f6nigstra\u00dfe 8. 61118 Bad Vilbel). Celui-ci est l\u00b4activiste de \u201eBlood &amp; Honour\u201c de plusieurs ann\u00e9es et fait sous le nom cynique \u201eLebensraum\/l\u00b4espace vital\u201c une entreprise d\u00b4\u00e9quipement a Francfort (Eschersheimer Landstra\u00dfe 561, 60431 Francfort) Dans celui-ci mettait a la disposition des apprentissage pur les Nazis, comme a l\u00b4activiste JN (jeunesse nationale) \u201eEike Grunewald\u201c.<br \/>\n<!--more--><br \/>\nNous rappelons avec notre action au 5 juin 2013 a Paris. Les fascistes assassine notre camarade Cl\u00e9ment M\u00e9ric. Nous sommes de os c\u0153urs et de l\u00b4action chez tous les concern\u00e9s du violence fasciste et tous les ces lesquels luttent contre les nazis et y risquent la sant\u00e9 et libert\u00e9.<\/p><\/blockquote>\n<p><strong>Source<\/strong>: <a href=\"https:\/\/linksunten.indymedia.org\/en\/node\/215877\">Linksunten<\/a><\/p>\n","protected":false},"excerpt":{"rendered":"<p>Francfort (Frankfurt am Main), Nous avons allume la voiture du nazi Wolfgang Lutz (maintenant Lutz-Weber \/ Altk\u00f6nigstra\u00dfe 8. 61118 Bad Vilbel). Celui-ci est l\u00b4activiste de \u201eBlood &amp; Honour\u201c de plusieurs ann\u00e9es et fait sous le nom cynique \u201eLebensraum\/l\u00b4espace vital\u201c une entreprise d\u00b4\u00e9quipement a Francfort (Eschersheimer Landstra\u00dfe 561, 60431 Francfort) Dans celui-ci mettait a la disposition [&hellip;]<\/p>\n","protected":false},"author":12080,"featured_media":0,"comment_status":"closed","ping_status":"closed","sticky":false,"template":"","format":"standard","meta":{"footnotes":""},"categories":[5],"tags":[68],"class_list":["post-6468","post","type-post","status-publish","format-standard","hentry","category-fr","tag-frankfurt-am-main"],"_links":{"self":[{"href":"https:\/\/chronik.noblogs.org\/index.php?rest_route=\/wp\/v2\/posts\/6468","targetHints":{"allow":["GET"]}}],"collection":[{"href":"https:\/\/chronik.noblogs.org\/index.php?rest_route=\/wp\/v2\/posts"}],"about":[{"href":"https:\/\/chronik.noblogs.org\/index.php?rest_route=\/wp\/v2\/types\/post"}],"author":[{"embeddable":true,"href":"https:\/\/chronik.noblogs.org\/index.php?rest_route=\/wp\/v2\/users\/12080"}],"replies":[{"embeddable":true,"href":"https:\/\/chronik.noblogs.org\/index.php?rest_route=%2Fwp%2Fv2%2Fcomments&post=6468"}],"version-history":[{"count":0,"href":"https:\/\/chronik.noblogs.org\/index.php?rest_route=\/wp\/v2\/posts\/6468\/revisions"}],"wp:attachment":[{"href":"https:\/\/chronik.noblogs.org\/index.php?rest_route=%2Fwp%2Fv2%2Fmedia&parent=6468"}],"wp:term":[{"taxonomy":"category","embeddable":true,"href":"https:\/\/chronik.noblogs.org\/index.php?rest_route=%2Fwp%2Fv2%2Fcategories&post=6468"},{"taxonomy":"post_tag","embeddable":true,"href":"https:\/\/chronik.noblogs.org\/index.php?rest_route=%2Fwp%2Fv2%2Ftags&post=6468"}],"curies":[{"name":"wp","href":"https:\/\/api.w.org\/{rel}","templated":true}]}}