{"id":6378,"date":"2017-04-18T00:00:08","date_gmt":"2017-04-17T22:00:08","guid":{"rendered":"http:\/\/chronik.blackblogs.org\/?p=6378"},"modified":"2017-04-18T00:00:08","modified_gmt":"2017-04-17T22:00:08","slug":"incendiato-jobcenter","status":"publish","type":"post","link":"https:\/\/chronik.noblogs.org\/?p=6378","title":{"rendered":"Incendiato jobcenter"},"content":{"rendered":"<p><strong><a href=\"https:\/\/chronik.noblogs.org\/files\/2017\/05\/209736.jpg\"><img loading=\"lazy\" decoding=\"async\" class=\"alignright size-medium wp-image-6227\" src=\"https:\/\/chronik.noblogs.org\/files\/2017\/05\/209736-300x169.jpg\" alt=\"\" height=\"169\" width=\"300\" srcset=\"https:\/\/chronik.noblogs.org\/files\/2017\/05\/209736-300x169.jpg 300w, https:\/\/chronik.noblogs.org\/files\/2017\/05\/209736-768x432.jpg 768w, https:\/\/chronik.noblogs.org\/files\/2017\/05\/209736-1024x576.jpg 1024w, https:\/\/chronik.noblogs.org\/files\/2017\/05\/209736.jpg 1280w\" sizes=\"auto, (max-width: 300px) 100vw, 300px\" \/><\/a><span class=\"submitted\">Brema <\/span>(Bremen)<\/strong><span class=\"submitted\">, 18 aprile 2017<\/span><\/p>\n<blockquote><p>Per coloro che devono presentarsi sempre al jobcenter non si pone la questione del perch\u00e9 abbiamo incendiato la baracca, bens\u00ec, piuttosto: Perch\u00e9 solo ora? Ci hanno motivato la primavera e gli scontri imminenti contro il G20 ad Amburgo.<\/p>\n<p>Per chi non ha esperienza con i jobcenter vogliamo dire in breve: \u00c8 un luogo d&#8217;umiliazione, d&#8217;isolamento, della vergogna. Amministrano la miseria e la povert\u00e0 di questa societ\u00e0. Ovviamente ognunx \u00e8 dichiaratx il solo responsabile della propria miseria.<br \/>\n<!--more--><br \/>\nFormula magica: le parole qualificazione e mediazione con il mercato del lavoro. Con ogni mezzo. Si tiene la gente sempre poco sopra e spesso anche sotto il minimo alla sopravvivenza. (\u2026) Chi si difende o non si attiene alla pletora di coazioni e cattive proposte \u00e8 oggetto di sanzioni.<\/p>\n<p>Chi non pu\u00f2 essere immessx nel mercato del lavoro \u00e8 onoratx con misure di \u201cformazione\u201d. (\u2026) Se non le frequenti? Sanzioni, blocchi, minestra pubblica.<\/p>\n<p>(\u2026) Raccolgono e schedano tutti i dati sulla persona ed il suo ambiente familiare. Mettono in questione delle relazioni oppure le costruiscono, controllano i domicili, dubitano oppure s&#8217;inventano dei genitori.<br \/>\nEcco tutta la merda ideologica umanista-democratica. Sostegno e favoreggiamento significa qui adattarsi ed innalzamento della sfruttabilit\u00e0 per lo Stato e il luogo economico. Quel che conta \u00e8 la tua prestazione sul mercato del lavoro.<\/p>\n<p>Con l&#8217;incendio del jobcenter Neustadt ci siamo limitatx alla facciata ed all&#8217;entrata per escludere un grande incendio nella zona residenziale.<\/p>\n<p>Contro l&#8217;amministrazione della povert\u00e0 e l&#8217;emarginazione!<br \/>\nPer una vita degna ed autodeterminata!<br \/>\nG20 questo quello!<\/p><\/blockquote>\n<p><strong>Fonte<\/strong>: <a href=\"https:\/\/linksunten.indymedia.org\/de\/node\/209673\">Linksunten, mc<\/a><\/p>\n<p>&nbsp;<\/p>\n<p>&nbsp;<\/p>\n\n\t\t\t<div id='gallery-6378-1' class='gallery gallery-6378'>\n\t\t\t\t<div class='gallery-row gallery-clear'>\n\t\t\t\t\t<dl class='gallery-item col-3'>\n\t\t\t\t\t\t<dt class='gallery-icon'><a href='https:\/\/chronik.noblogs.org\/files\/2017\/05\/209740.jpg'><img loading=\"lazy\" decoding=\"async\" width=\"150\" height=\"150\" src=\"https:\/\/chronik.noblogs.org\/files\/2017\/05\/209740-150x150.jpg\" class=\"attachment-thumbnail size-thumbnail\" alt=\"\" \/><\/a><\/dt>\n\t\t\t\t\t<\/dl>\n\t\t\t\t\t<dl class='gallery-item col-3'>\n\t\t\t\t\t\t<dt class='gallery-icon'><a href='https:\/\/chronik.noblogs.org\/files\/2017\/05\/209742.jpg'><img loading=\"lazy\" decoding=\"async\" width=\"150\" height=\"150\" src=\"https:\/\/chronik.noblogs.org\/files\/2017\/05\/209742-150x150.jpg\" class=\"attachment-thumbnail size-thumbnail\" alt=\"\" \/><\/a><\/dt>\n\t\t\t\t\t<\/dl>\n\t\t\t\t\t<dl class='gallery-item col-3'>\n\t\t\t\t\t\t<dt class='gallery-icon'><a href='https:\/\/chronik.noblogs.org\/files\/2017\/05\/209738.jpg'><img loading=\"lazy\" decoding=\"async\" width=\"150\" height=\"150\" src=\"https:\/\/chronik.noblogs.org\/files\/2017\/05\/209738-150x150.jpg\" class=\"attachment-thumbnail size-thumbnail\" alt=\"\" \/><\/a><\/dt>\n\t\t\t\t\t<\/dl>\n\t\t\t\t<\/div>\n\t\t\t<\/div><!-- .gallery -->\n\n","protected":false},"excerpt":{"rendered":"<p>Brema (Bremen), 18 aprile 2017 Per coloro che devono presentarsi sempre al jobcenter non si pone la questione del perch\u00e9 abbiamo incendiato la baracca, bens\u00ec, piuttosto: Perch\u00e9 solo ora? Ci hanno motivato la primavera e gli scontri imminenti contro il G20 ad Amburgo. Per chi non ha esperienza con i jobcenter vogliamo dire in breve: [&hellip;]<\/p>\n","protected":false},"author":12080,"featured_media":0,"comment_status":"closed","ping_status":"closed","sticky":false,"template":"","format":"standard","meta":{"footnotes":""},"categories":[6],"tags":[32],"class_list":["post-6378","post","type-post","status-publish","format-standard","hentry","category-it","tag-bremen"],"_links":{"self":[{"href":"https:\/\/chronik.noblogs.org\/index.php?rest_route=\/wp\/v2\/posts\/6378","targetHints":{"allow":["GET"]}}],"collection":[{"href":"https:\/\/chronik.noblogs.org\/index.php?rest_route=\/wp\/v2\/posts"}],"about":[{"href":"https:\/\/chronik.noblogs.org\/index.php?rest_route=\/wp\/v2\/types\/post"}],"author":[{"embeddable":true,"href":"https:\/\/chronik.noblogs.org\/index.php?rest_route=\/wp\/v2\/users\/12080"}],"replies":[{"embeddable":true,"href":"https:\/\/chronik.noblogs.org\/index.php?rest_route=%2Fwp%2Fv2%2Fcomments&post=6378"}],"version-history":[{"count":0,"href":"https:\/\/chronik.noblogs.org\/index.php?rest_route=\/wp\/v2\/posts\/6378\/revisions"}],"wp:attachment":[{"href":"https:\/\/chronik.noblogs.org\/index.php?rest_route=%2Fwp%2Fv2%2Fmedia&parent=6378"}],"wp:term":[{"taxonomy":"category","embeddable":true,"href":"https:\/\/chronik.noblogs.org\/index.php?rest_route=%2Fwp%2Fv2%2Fcategories&post=6378"},{"taxonomy":"post_tag","embeddable":true,"href":"https:\/\/chronik.noblogs.org\/index.php?rest_route=%2Fwp%2Fv2%2Ftags&post=6378"}],"curies":[{"name":"wp","href":"https:\/\/api.w.org\/{rel}","templated":true}]}}