{"id":6292,"date":"2017-05-08T00:00:25","date_gmt":"2017-05-07T22:00:25","guid":{"rendered":"http:\/\/chronik.blackblogs.org\/?p=6292"},"modified":"2017-05-08T00:00:25","modified_gmt":"2017-05-07T22:00:25","slug":"farbe-gegen-nazi-denkmal","status":"publish","type":"post","link":"https:\/\/chronik.noblogs.org\/?p=6292","title":{"rendered":"Farbe gegen Nazi-Denkmal"},"content":{"rendered":"<p><strong><a href=\"https:\/\/chronik.noblogs.org\/files\/2017\/05\/1015988530.preview.jpg\"><img loading=\"lazy\" decoding=\"async\" class=\"alignright size-medium wp-image-6293\" src=\"https:\/\/chronik.noblogs.org\/files\/2017\/05\/1015988530.preview-300x225.jpg\" alt=\"\" height=\"225\" width=\"300\" srcset=\"https:\/\/chronik.noblogs.org\/files\/2017\/05\/1015988530.preview-300x225.jpg 300w, https:\/\/chronik.noblogs.org\/files\/2017\/05\/1015988530.preview-768x576.jpg 768w, https:\/\/chronik.noblogs.org\/files\/2017\/05\/1015988530.preview.jpg 800w\" sizes=\"auto, (max-width: 300px) 100vw, 300px\" \/><\/a>Remagen<\/strong>, <span class=\"submitted\">8. Mai 2017<\/span><\/p>\n<blockquote><p>Am fr\u00fchen Morgen des 08.05 wurde die Kapelle &#8220;Schwarze Madonna&#8221; in Remagen mit violetter Spr\u00fchfarbe versch\u00f6nert. In der Kapelle steht die namensgebende Statue, welche vom ex-NSDAP-Mitglied Adolf Wamper gestaltet wurde. Sie erinnert an die deutschen Kriegsgefangenen, die nach Ende des Zweiten Weltkrieges in den Rheinwiesenlagern der Alliierten bei Remagen interniert waren. Die Kapelle samt Statue sind Ziel der j\u00e4hrlichen Nazi-Gedenkdemonstration in Remagen.<br \/>\n<!--more--><br \/>\nDer Bildhauer der Schwarzen Madonna war seinerseits selbst Kriegsgefangener auf der Goldenen Meile, dem Gel\u00e4nde der ehemaligen Internierungslager. Um die gesch\u00e4tzt 1200 dort meist durch Krankheit Umgekommenen hat sich in rechten Kreisen ein geschichtsrevisionistischer Mythos entwickelt, der eine angeblich tats\u00e4chliche Todezahl von bis zu einer Million propagiert. Und so organisieren Verbreiter*innen dieses Mythos&#8217; aus dem Umfeld des AB Mittelrhein j\u00e4hrlich eine Gedenkdemo.<\/p>\n<p>Die Mitglieder des Aktionsb\u00fcros Mittelrhein aus dem Kreis Ahrweiler organisierten Anti-Antifa-Arbeit und Demonstrationen, vor allem in ihrem Wohnprojekt &#8220;Braunes Haus&#8221;; so auch jenen Gedenkmarsch. 2012 wurde das Braune Haus von der Polizei gest\u00fcrmt, die Mitglieder des AB-Mittelrhein festgenommen und angeklagt, unter Anderem der Bildung einer kriminellen Vereinigung. Nach \u00fcber 300 Prozesstagen nun wurde letztens bekanntgegeben, dass der Prozess abgebrochen wird, da der Richter in den Ruhestand geht.<\/p>\n<p>Die Tatsache, dass die Justiz eine gewaltt\u00e4tige, nach Paragraph 129 angeklagte rechtsextreme Vereinigung, die es offensichtlich zum Ziel hatte, einen Staat nach nationalsozialistischem Vorbild zu errichten, nun wieder ihrer politischen Arbeit nachgehen l\u00e4sst, mag zwar mittlerweile nicht mehr verwundern, untragbar sind diese Zust\u00e4nde deshalb jedoch nicht weniger. Welches Ziel w\u00e4re da zum Ausdruck der Emp\u00f6rung besser als der Wallfahrtsort dieser menschenfeindlichen Nazi-Apologet*innen und ihrer Freund*innen, und welches Datum besser als der Tag der Befreiung diesen Staates vom Dritten Reich?<\/p>\n<p>Angesichts steigender rechtsterroristischer und fremdenfeindlicher Aktivit\u00e4ten hierzulande hoffen wir, dass es nicht bald n\u00f6tig sein wird, die Br\u00fccke von Remagen wiederaufzbauen und den Alliierten so den Weg frei f\u00fcr den Einmarsch in ein erneut von allzu gro\u00dfem nationalen Wahn ergriffenen Deustchland zu machen. Von diesen Gedanken lassen wir uns jedoch nicht die Stimmung am heutigen Feiertag tr\u00fcben.<\/p>\n<p>Wir w\u00fcnschen all unseren Genoss*innen in ihren K\u00e4mpfen gegen ekelerregende Konstrukte wie Deutschland und die Folgen dieser Zust\u00e4nde einen fr\u00f6hlichen VE-Day!<\/p><\/blockquote>\n<p><strong>Quelle<\/strong>: <a href=\"https:\/\/linksunten.indymedia.org\/en\/node\/211836\">Linksunten<\/a><\/p>\n","protected":false},"excerpt":{"rendered":"<p>Remagen, 8. Mai 2017 Am fr\u00fchen Morgen des 08.05 wurde die Kapelle &#8220;Schwarze Madonna&#8221; in Remagen mit violetter Spr\u00fchfarbe versch\u00f6nert. In der Kapelle steht die namensgebende Statue, welche vom ex-NSDAP-Mitglied Adolf Wamper gestaltet wurde. Sie erinnert an die deutschen Kriegsgefangenen, die nach Ende des Zweiten Weltkrieges in den Rheinwiesenlagern der Alliierten bei Remagen interniert waren. [&hellip;]<\/p>\n","protected":false},"author":12080,"featured_media":0,"comment_status":"closed","ping_status":"closed","sticky":false,"template":"","format":"standard","meta":{"footnotes":""},"categories":[2],"tags":[174],"class_list":["post-6292","post","type-post","status-publish","format-standard","hentry","category-de","tag-remagen"],"_links":{"self":[{"href":"https:\/\/chronik.noblogs.org\/index.php?rest_route=\/wp\/v2\/posts\/6292","targetHints":{"allow":["GET"]}}],"collection":[{"href":"https:\/\/chronik.noblogs.org\/index.php?rest_route=\/wp\/v2\/posts"}],"about":[{"href":"https:\/\/chronik.noblogs.org\/index.php?rest_route=\/wp\/v2\/types\/post"}],"author":[{"embeddable":true,"href":"https:\/\/chronik.noblogs.org\/index.php?rest_route=\/wp\/v2\/users\/12080"}],"replies":[{"embeddable":true,"href":"https:\/\/chronik.noblogs.org\/index.php?rest_route=%2Fwp%2Fv2%2Fcomments&post=6292"}],"version-history":[{"count":0,"href":"https:\/\/chronik.noblogs.org\/index.php?rest_route=\/wp\/v2\/posts\/6292\/revisions"}],"wp:attachment":[{"href":"https:\/\/chronik.noblogs.org\/index.php?rest_route=%2Fwp%2Fv2%2Fmedia&parent=6292"}],"wp:term":[{"taxonomy":"category","embeddable":true,"href":"https:\/\/chronik.noblogs.org\/index.php?rest_route=%2Fwp%2Fv2%2Fcategories&post=6292"},{"taxonomy":"post_tag","embeddable":true,"href":"https:\/\/chronik.noblogs.org\/index.php?rest_route=%2Fwp%2Fv2%2Ftags&post=6292"}],"curies":[{"name":"wp","href":"https:\/\/api.w.org\/{rel}","templated":true}]}}