{"id":6270,"date":"2017-05-05T00:00:27","date_gmt":"2017-05-04T22:00:27","guid":{"rendered":"http:\/\/chronik.blackblogs.org\/?p=6270"},"modified":"2017-05-05T00:00:27","modified_gmt":"2017-05-04T22:00:27","slug":"farbe-gegen-afd-buero-7","status":"publish","type":"post","link":"https:\/\/chronik.noblogs.org\/?p=6270","title":{"rendered":"Farbe gegen AfD-B\u00fcro"},"content":{"rendered":"<p><strong><a href=\"https:\/\/chronik.noblogs.org\/files\/2017\/05\/211771.jpg\"><img loading=\"lazy\" decoding=\"async\" class=\"alignright size-medium wp-image-6271\" src=\"https:\/\/chronik.noblogs.org\/files\/2017\/05\/211771-225x300.jpg\" alt=\"\" height=\"300\" width=\"225\" srcset=\"https:\/\/chronik.noblogs.org\/files\/2017\/05\/211771-225x300.jpg 225w, https:\/\/chronik.noblogs.org\/files\/2017\/05\/211771.jpg 720w\" sizes=\"auto, (max-width: 225px) 100vw, 225px\" \/><\/a>Duisburg<\/strong>, 5. Mai 2017<\/p>\n<blockquote><p>Am Freitag den 05.05.2017 wurde das Parteib\u00fcro der \u201eAlternative f\u00fcr Deutschland\u201c auf der Harmoniestra\u00dfe 2a in Duisburg als Zeichen gegen den gesellschaftlichen Rechtsruck, sowie gleichzeitig als Solidarit\u00e4tsbekundung f\u00fcr alle Menschen die sich offensiv und zielbewusst gegen den rassistischen Ausnahmezustand aussprechen und einsetzen farblich markiert. Ungeachtet dessen weist nun ebenfalls ein \u201eNo AFD\u201c Schriftzug vorbeigehende Personen auf das nicht erw\u00fcnschte Parteib\u00fcro hin.<br \/>\n<!--more--><br \/>\nIm Zuge dessen rufen wir nachdr\u00fccklich dazu auf insbesondere jetzt, vor den anstehenden Landtagswahlen in NRW der &#8220;Alternative f\u00fcr Deutschland&#8221; sowie anderen menschenfeindlichen Parteien konsequent entgegen zu treten.<\/p>\n<p>Denn ein Angriff auf den Angreifer ist Selbstschutz!<\/p><\/blockquote>\n<p><strong>Quelle<\/strong>: <a href=\"https:\/\/linksunten.indymedia.org\/de\/node\/211769\">Linksunten<\/a><\/p>\n","protected":false},"excerpt":{"rendered":"<p>Duisburg, 5. Mai 2017 Am Freitag den 05.05.2017 wurde das Parteib\u00fcro der \u201eAlternative f\u00fcr Deutschland\u201c auf der Harmoniestra\u00dfe 2a in Duisburg als Zeichen gegen den gesellschaftlichen Rechtsruck, sowie gleichzeitig als Solidarit\u00e4tsbekundung f\u00fcr alle Menschen die sich offensiv und zielbewusst gegen den rassistischen Ausnahmezustand aussprechen und einsetzen farblich markiert. Ungeachtet dessen weist nun ebenfalls ein \u201eNo [&hellip;]<\/p>\n","protected":false},"author":12080,"featured_media":0,"comment_status":"closed","ping_status":"closed","sticky":false,"template":"","format":"standard","meta":{"footnotes":""},"categories":[2],"tags":[54],"class_list":["post-6270","post","type-post","status-publish","format-standard","hentry","category-de","tag-duisburg"],"_links":{"self":[{"href":"https:\/\/chronik.noblogs.org\/index.php?rest_route=\/wp\/v2\/posts\/6270","targetHints":{"allow":["GET"]}}],"collection":[{"href":"https:\/\/chronik.noblogs.org\/index.php?rest_route=\/wp\/v2\/posts"}],"about":[{"href":"https:\/\/chronik.noblogs.org\/index.php?rest_route=\/wp\/v2\/types\/post"}],"author":[{"embeddable":true,"href":"https:\/\/chronik.noblogs.org\/index.php?rest_route=\/wp\/v2\/users\/12080"}],"replies":[{"embeddable":true,"href":"https:\/\/chronik.noblogs.org\/index.php?rest_route=%2Fwp%2Fv2%2Fcomments&post=6270"}],"version-history":[{"count":0,"href":"https:\/\/chronik.noblogs.org\/index.php?rest_route=\/wp\/v2\/posts\/6270\/revisions"}],"wp:attachment":[{"href":"https:\/\/chronik.noblogs.org\/index.php?rest_route=%2Fwp%2Fv2%2Fmedia&parent=6270"}],"wp:term":[{"taxonomy":"category","embeddable":true,"href":"https:\/\/chronik.noblogs.org\/index.php?rest_route=%2Fwp%2Fv2%2Fcategories&post=6270"},{"taxonomy":"post_tag","embeddable":true,"href":"https:\/\/chronik.noblogs.org\/index.php?rest_route=%2Fwp%2Fv2%2Ftags&post=6270"}],"curies":[{"name":"wp","href":"https:\/\/api.w.org\/{rel}","templated":true}]}}