{"id":6232,"date":"2017-04-18T00:00:13","date_gmt":"2017-04-17T22:00:13","guid":{"rendered":"http:\/\/chronik.blackblogs.org\/?p=6232"},"modified":"2017-04-18T00:00:13","modified_gmt":"2017-04-17T22:00:13","slug":"ataque-incendiario-contra-la-empresa-de-trabajo-temporal-jobcenter","status":"publish","type":"post","link":"https:\/\/chronik.noblogs.org\/?p=6232","title":{"rendered":"Ataque incendiario contra la empresa de trabajo temporal Jobcenter"},"content":{"rendered":"<p><strong><a href=\"https:\/\/chronik.noblogs.org\/files\/2017\/05\/209736.jpg\"><img loading=\"lazy\" decoding=\"async\" class=\"alignright size-medium wp-image-6227\" src=\"https:\/\/chronik.noblogs.org\/files\/2017\/05\/209736-300x169.jpg\" alt=\"\" height=\"169\" width=\"300\" srcset=\"https:\/\/chronik.noblogs.org\/files\/2017\/05\/209736-300x169.jpg 300w, https:\/\/chronik.noblogs.org\/files\/2017\/05\/209736-768x432.jpg 768w, https:\/\/chronik.noblogs.org\/files\/2017\/05\/209736-1024x576.jpg 1024w, https:\/\/chronik.noblogs.org\/files\/2017\/05\/209736.jpg 1280w\" sizes=\"auto, (max-width: 300px) 100vw, 300px\" \/><\/a>Bremen<\/strong>, <span class=\"submitted\">18&nbsp;abril 2017<\/span><\/p>\n<blockquote><p>Para aquelles que tienen que acudir al Jobcenter regularmente, la pregunta no es por qu\u00e9 les hemos atacado, sino m\u00e1s bien: \u00bfPor qu\u00e9 s\u00f3lo ahora? La Primavera y las venideras revueltas contra el G-20 en Hamburgo son lo que nos ha motivado.<br \/>\n<!--more--><br \/>\nNos gustar\u00eda dar una breve explicaci\u00f3n para aquelles que no est\u00e9n familiarizades con la experiencia del Jobcenter:<\/p>\n<p>El Jobcenter es un lugar de humillaci\u00f3n, aislamiento y verg\u00fcenza. Aqu\u00ed la pobreza y la miseria de esta sociedad son administradas. No hace falta decir que todes les que han ido all\u00ed son culpades por su propia miseria.<\/p>\n<p>Calificaci\u00f3n y mediaci\u00f3n en el mercado laboral son las palabras m\u00e1gicas. Por cualquier medio es correcto. El rango de reserva de los receptores ALG II es mantenido justo por encima y a menudo por debajo del nivel de subsistencia. M\u00e1s y m\u00e1s personas est\u00e1n siendo empujadas al interior del mercado laboral del sector de bajos salarios. Son obligadas a aceptar contratos de trabajo temporal, presionadas a trabajar por cuenta propia, transformadas en jornaleros. El resultado final es apenas m\u00e1s dinero que el desempleo. En la cola de les explotades, la oficina es molesta y empuja siempre que puede. Las citas a corto plazo con los administradores de casos, absurdas ofertas de mediaci\u00f3n, compulsi\u00f3n para hacer solicitudes de empleo, y etc etc etc.<\/p>\n<p>Las infracciones son castigadas con sanciones.<\/p>\n<p>Aquelles que no puedan ser directamente colocades en el mercado laboral ser\u00e1n recompensades con medidas \u201ceducativas\u201d sin sentido: entrenamiento para las entrevistas de trabajo aqu\u00ed, curso de inform\u00e1tica all\u00e1. \u00bfNo vas al curso? Sanci\u00f3n, bloqueo del pago, comedor de beneficiencia\u2026<\/p>\n<p>Las condiciones de vida de las personas afectadas pueden ser controladas en cualquier momento por los empleados del servicio de campo. Todos los datos sobre la persona y su entorno familiar se recogen y almacenan. Las relaciones son cuestionadas o construidas, las residencias son revisadas, los padres son interrogados o se les hace cuestionar a sus propies hijes. Las medidas de vigilancia aumentan la presi\u00f3n psicol\u00f3gica y hacen que m\u00e1s y m\u00e1s personas piensen que es mejor evitar el estr\u00e9s e ir sin asistencia social. \u00bfEl resultado? Deudas, estr\u00e9s, indigencia\u2026<\/p>\n<p>En Jobcenter toda la mierda de la ideolog\u00eda humanista-democr\u00e1tica es completamente eliminada.<\/p>\n<p>Aqu\u00ed el apoyo significa adaptaci\u00f3n y mejora de la usabilidad para el Estado y la ubicaci\u00f3n. Lo que cuenta es tu desempe\u00f1o en el mercado de trabajo.<\/p>\n<p>Con este fuego en el Jobcenter de Neustadt, nos limitamos a la fachada en la entrada para evitar un gran incendio en el \u00e1rea residencial cercana.<\/p>\n<p>\u00a1Contra la administraci\u00f3n de la pobreza y la exclusi\u00f3n!<br \/>\n\u00a1Por una vida de dignidad y autodeterminaci\u00f3n!<br \/>\n\u00a1Este G-20!<\/p><\/blockquote>\n<p><strong>Fuente<\/strong>: <a href=\"https:\/\/linksunten.indymedia.org\/es\/node\/210384\">vozcomoarma.noblogs.org<\/a><\/p>\n<p>&nbsp;<\/p>\n<p>&nbsp;<\/p>\n\n\t\t\t<div id='gallery-6232-1' class='gallery gallery-6232'>\n\t\t\t\t<div class='gallery-row gallery-clear'>\n\t\t\t\t\t<dl class='gallery-item col-3'>\n\t\t\t\t\t\t<dt class='gallery-icon'><a href='https:\/\/chronik.noblogs.org\/files\/2017\/05\/209740.jpg'><img loading=\"lazy\" decoding=\"async\" width=\"150\" height=\"150\" src=\"https:\/\/chronik.noblogs.org\/files\/2017\/05\/209740-150x150.jpg\" class=\"attachment-thumbnail size-thumbnail\" alt=\"\" \/><\/a><\/dt>\n\t\t\t\t\t<\/dl>\n\t\t\t\t\t<dl class='gallery-item col-3'>\n\t\t\t\t\t\t<dt class='gallery-icon'><a href='https:\/\/chronik.noblogs.org\/files\/2017\/05\/209742.jpg'><img loading=\"lazy\" decoding=\"async\" width=\"150\" height=\"150\" src=\"https:\/\/chronik.noblogs.org\/files\/2017\/05\/209742-150x150.jpg\" class=\"attachment-thumbnail size-thumbnail\" alt=\"\" \/><\/a><\/dt>\n\t\t\t\t\t<\/dl>\n\t\t\t\t\t<dl class='gallery-item col-3'>\n\t\t\t\t\t\t<dt class='gallery-icon'><a href='https:\/\/chronik.noblogs.org\/files\/2017\/05\/209738.jpg'><img loading=\"lazy\" decoding=\"async\" width=\"150\" height=\"150\" src=\"https:\/\/chronik.noblogs.org\/files\/2017\/05\/209738-150x150.jpg\" class=\"attachment-thumbnail size-thumbnail\" alt=\"\" \/><\/a><\/dt>\n\t\t\t\t\t<\/dl>\n\t\t\t\t<\/div>\n\t\t\t<\/div><!-- .gallery -->\n\n","protected":false},"excerpt":{"rendered":"<p>Bremen, 18&nbsp;abril 2017 Para aquelles que tienen que acudir al Jobcenter regularmente, la pregunta no es por qu\u00e9 les hemos atacado, sino m\u00e1s bien: \u00bfPor qu\u00e9 s\u00f3lo ahora? La Primavera y las venideras revueltas contra el G-20 en Hamburgo son lo que nos ha motivado.<\/p>\n","protected":false},"author":12080,"featured_media":0,"comment_status":"closed","ping_status":"closed","sticky":false,"template":"","format":"standard","meta":{"footnotes":""},"categories":[4],"tags":[32],"class_list":["post-6232","post","type-post","status-publish","format-standard","hentry","category-es","tag-bremen"],"_links":{"self":[{"href":"https:\/\/chronik.noblogs.org\/index.php?rest_route=\/wp\/v2\/posts\/6232","targetHints":{"allow":["GET"]}}],"collection":[{"href":"https:\/\/chronik.noblogs.org\/index.php?rest_route=\/wp\/v2\/posts"}],"about":[{"href":"https:\/\/chronik.noblogs.org\/index.php?rest_route=\/wp\/v2\/types\/post"}],"author":[{"embeddable":true,"href":"https:\/\/chronik.noblogs.org\/index.php?rest_route=\/wp\/v2\/users\/12080"}],"replies":[{"embeddable":true,"href":"https:\/\/chronik.noblogs.org\/index.php?rest_route=%2Fwp%2Fv2%2Fcomments&post=6232"}],"version-history":[{"count":0,"href":"https:\/\/chronik.noblogs.org\/index.php?rest_route=\/wp\/v2\/posts\/6232\/revisions"}],"wp:attachment":[{"href":"https:\/\/chronik.noblogs.org\/index.php?rest_route=%2Fwp%2Fv2%2Fmedia&parent=6232"}],"wp:term":[{"taxonomy":"category","embeddable":true,"href":"https:\/\/chronik.noblogs.org\/index.php?rest_route=%2Fwp%2Fv2%2Fcategories&post=6232"},{"taxonomy":"post_tag","embeddable":true,"href":"https:\/\/chronik.noblogs.org\/index.php?rest_route=%2Fwp%2Fv2%2Ftags&post=6232"}],"curies":[{"name":"wp","href":"https:\/\/api.w.org\/{rel}","templated":true}]}}