{"id":6226,"date":"2017-04-18T00:00:17","date_gmt":"2017-04-17T22:00:17","guid":{"rendered":"http:\/\/chronik.blackblogs.org\/?p=6226"},"modified":"2017-04-18T00:00:17","modified_gmt":"2017-04-17T22:00:17","slug":"jobcenter-angezuendet","status":"publish","type":"post","link":"https:\/\/chronik.noblogs.org\/?p=6226","title":{"rendered":"Jobcenter angez\u00fcndet"},"content":{"rendered":"<p><strong><a href=\"https:\/\/chronik.noblogs.org\/files\/2017\/05\/209736.jpg\"><img loading=\"lazy\" decoding=\"async\" class=\"alignright size-medium wp-image-6227\" src=\"https:\/\/chronik.noblogs.org\/files\/2017\/05\/209736-300x169.jpg\" alt=\"\" height=\"169\" width=\"300\" srcset=\"https:\/\/chronik.noblogs.org\/files\/2017\/05\/209736-300x169.jpg 300w, https:\/\/chronik.noblogs.org\/files\/2017\/05\/209736-768x432.jpg 768w, https:\/\/chronik.noblogs.org\/files\/2017\/05\/209736-1024x576.jpg 1024w, https:\/\/chronik.noblogs.org\/files\/2017\/05\/209736.jpg 1280w\" sizes=\"auto, (max-width: 300px) 100vw, 300px\" \/><\/a>Bremen<\/strong>, <span class=\"submitted\">18. April 2017<\/span><\/p>\n<blockquote><p>F\u00fcr diejenigen, die regelm\u00e4\u00dfig zum Jobcenter m\u00fcssen, stellt sich nicht die Frage, warum wir die Bude angez\u00fcndet haben, sondern vielmehr: Warum erst jetzt? Der Fr\u00fchling und die anstehenden Krawalle gegen den G20 in Hamburg haben uns motiviert.<\/p>\n<p>F\u00fcr alle ohne Jobcenter-Erfahrung wollen wir kurz fest halten:<\/p>\n<p>Das Jobcenter ist ein Ort der Erniedrigung, der Vereinzelung, der Scham. Hier werden Armut und Elend dieser Gesellschaft verwaltet. Es versteht sich von selbst, dass hier jede und jeder f\u00fcr die eigene Misere selbst verantwortlich gemacht wird.<!--more--><\/p>\n<p>Qualifikation und Vermittlung auf den Arbeitsmarkt sind die Zauberw\u00f6rter. Daf\u00fcr ist jedes Mittel recht. Die Reservearmee der ALG II-Bezieher_innen wird knapp \u00fcber und oft auch unter dem Existenzminimum gehalten. Auf den Markt des Niedriglohnsektors werden mehr und mehr Menschen gesp\u00fclt. Sie werden in Leiharbeitsvertr\u00e4ge gezwungen, in Scheinselbstst\u00e4ndigkeit gepresst, zu Tagel\u00f6hner_innen gemacht. Unterm Strich bleibt kaum mehr Kohle als ohne Arbeit. In der Warteschleife der Verwertung nervt und g\u00e4ngelt das Amt wo es nur kann. Kurzfristige Termine bei Case-Manager oder Case-Managerin, absurde Vermittlungsangebote, Zwang zu Bewerbungen und und und. Zuwiderhandlungen werden mit Sanktionen bestraft.<\/p>\n<p>Wer nicht direkt dem Arbeitsmarkt zugef\u00fchrt werden kann, wird mit sinnentleerten \u201eBildungs\u201cma\u00dfnahmen begl\u00fcckt: Bewerbungstrainings hier, EDV-Kurs dort. Gehst du nicht hin? Sanktion, Sperre, Suppenk\u00fcche.<\/p>\n<p>Durch Mitarbeiter_innen im Au\u00dfendienst k\u00f6nnen die Lebensumst\u00e4nde der Betroffenen jederzeit durchleuchtet werden. Alle Daten \u00fcber die Person und ihr (famili\u00e4res) Umfeld werden gesammelt und gespeichert. Beziehungen werden in Frage gestellt oder konstruiert, Wohnsitze \u00fcberpr\u00fcft, Elternschaften angezweifelt oder angedichtet. Die \u00dcberwachungsma\u00dfnahmen erh\u00f6hen den psychischen Druck und bringen mehr und mehr Menschen dazu, den Stress zu vermeiden und besser ganz auf Sozialhilfe zu verzichten. Das Ergebnis? Schulden, Stress, Obdachlosigkeit&#8230;<\/p>\n<p>Beim Jobcenter f\u00e4llt der ganze Mist humanistisch-demokratischer Ideologie vollends ab. Unterst\u00fctzung und F\u00f6rderung bedeuten hier Anpassung und Erh\u00f6hung der Verwertbarkeit f\u00fcr Staat und Standort. Was z\u00e4hlt ist deine Leistung auf dem Arbeitsmarkt.<\/p>\n<p>Beim Brand am Jobcenter Neustadt haben wir uns auf die Fassade im Eingangsbereich beschr\u00e4nkt um einen Gro\u00dfbrand in der Wohngegend auszuschlie\u00dfen.<\/p>\n<p>Gegen die Verwaltung von Armut und Ausgrenzung!<\/p>\n<p>F\u00fcr ein Leben in W\u00fcrde und Selbstbestimmung!<\/p>\n<p>G20 dies das!<\/p><\/blockquote>\n<p><strong>Quelle<\/strong>: <a href=\"https:\/\/linksunten.indymedia.org\/de\/node\/209673\">Linksunten<\/a><\/p>\n<p>&nbsp;<\/p>\n<p>&nbsp;<\/p>\n\n\t\t\t<div id='gallery-6226-1' class='gallery gallery-6226'>\n\t\t\t\t<div class='gallery-row gallery-clear'>\n\t\t\t\t\t<dl class='gallery-item col-3'>\n\t\t\t\t\t\t<dt class='gallery-icon'><a href='https:\/\/chronik.noblogs.org\/files\/2017\/05\/209740.jpg'><img loading=\"lazy\" decoding=\"async\" width=\"150\" height=\"150\" src=\"https:\/\/chronik.noblogs.org\/files\/2017\/05\/209740-150x150.jpg\" class=\"attachment-thumbnail size-thumbnail\" alt=\"\" \/><\/a><\/dt>\n\t\t\t\t\t<\/dl>\n\t\t\t\t\t<dl class='gallery-item col-3'>\n\t\t\t\t\t\t<dt class='gallery-icon'><a href='https:\/\/chronik.noblogs.org\/files\/2017\/05\/209742.jpg'><img loading=\"lazy\" decoding=\"async\" width=\"150\" height=\"150\" src=\"https:\/\/chronik.noblogs.org\/files\/2017\/05\/209742-150x150.jpg\" class=\"attachment-thumbnail size-thumbnail\" alt=\"\" \/><\/a><\/dt>\n\t\t\t\t\t<\/dl>\n\t\t\t\t\t<dl class='gallery-item col-3'>\n\t\t\t\t\t\t<dt class='gallery-icon'><a href='https:\/\/chronik.noblogs.org\/files\/2017\/05\/209738.jpg'><img loading=\"lazy\" decoding=\"async\" width=\"150\" height=\"150\" src=\"https:\/\/chronik.noblogs.org\/files\/2017\/05\/209738-150x150.jpg\" class=\"attachment-thumbnail size-thumbnail\" alt=\"\" \/><\/a><\/dt>\n\t\t\t\t\t<\/dl>\n\t\t\t\t<\/div>\n\t\t\t<\/div><!-- .gallery -->\n\n","protected":false},"excerpt":{"rendered":"<p>Bremen, 18. April 2017 F\u00fcr diejenigen, die regelm\u00e4\u00dfig zum Jobcenter m\u00fcssen, stellt sich nicht die Frage, warum wir die Bude angez\u00fcndet haben, sondern vielmehr: Warum erst jetzt? Der Fr\u00fchling und die anstehenden Krawalle gegen den G20 in Hamburg haben uns motiviert. F\u00fcr alle ohne Jobcenter-Erfahrung wollen wir kurz fest halten: Das Jobcenter ist ein Ort [&hellip;]<\/p>\n","protected":false},"author":12080,"featured_media":0,"comment_status":"closed","ping_status":"closed","sticky":false,"template":"","format":"standard","meta":{"footnotes":""},"categories":[2],"tags":[32],"class_list":["post-6226","post","type-post","status-publish","format-standard","hentry","category-de","tag-bremen"],"_links":{"self":[{"href":"https:\/\/chronik.noblogs.org\/index.php?rest_route=\/wp\/v2\/posts\/6226","targetHints":{"allow":["GET"]}}],"collection":[{"href":"https:\/\/chronik.noblogs.org\/index.php?rest_route=\/wp\/v2\/posts"}],"about":[{"href":"https:\/\/chronik.noblogs.org\/index.php?rest_route=\/wp\/v2\/types\/post"}],"author":[{"embeddable":true,"href":"https:\/\/chronik.noblogs.org\/index.php?rest_route=\/wp\/v2\/users\/12080"}],"replies":[{"embeddable":true,"href":"https:\/\/chronik.noblogs.org\/index.php?rest_route=%2Fwp%2Fv2%2Fcomments&post=6226"}],"version-history":[{"count":0,"href":"https:\/\/chronik.noblogs.org\/index.php?rest_route=\/wp\/v2\/posts\/6226\/revisions"}],"wp:attachment":[{"href":"https:\/\/chronik.noblogs.org\/index.php?rest_route=%2Fwp%2Fv2%2Fmedia&parent=6226"}],"wp:term":[{"taxonomy":"category","embeddable":true,"href":"https:\/\/chronik.noblogs.org\/index.php?rest_route=%2Fwp%2Fv2%2Fcategories&post=6226"},{"taxonomy":"post_tag","embeddable":true,"href":"https:\/\/chronik.noblogs.org\/index.php?rest_route=%2Fwp%2Fv2%2Ftags&post=6226"}],"curies":[{"name":"wp","href":"https:\/\/api.w.org\/{rel}","templated":true}]}}