{"id":6200,"date":"2017-04-25T00:00:48","date_gmt":"2017-04-24T22:00:48","guid":{"rendered":"http:\/\/chronik.blackblogs.org\/?p=6200"},"modified":"2017-04-25T00:00:48","modified_gmt":"2017-04-24T22:00:48","slug":"neonazi-clubhaus-abgefackelt","status":"publish","type":"post","link":"https:\/\/chronik.noblogs.org\/?p=6200","title":{"rendered":"Neonazi-Clubhaus abgefackelt"},"content":{"rendered":"<p><strong><a href=\"https:\/\/chronik.noblogs.org\/files\/2017\/05\/210402.jpg\"><img loading=\"lazy\" decoding=\"async\" class=\"alignright size-medium wp-image-6201\" src=\"https:\/\/chronik.noblogs.org\/files\/2017\/05\/210402-300x200.jpg\" alt=\"\" height=\"200\" width=\"300\" srcset=\"https:\/\/chronik.noblogs.org\/files\/2017\/05\/210402-300x200.jpg 300w, https:\/\/chronik.noblogs.org\/files\/2017\/05\/210402-768x513.jpg 768w, https:\/\/chronik.noblogs.org\/files\/2017\/05\/210402-1024x684.jpg 1024w, https:\/\/chronik.noblogs.org\/files\/2017\/05\/210402.jpg 1200w\" sizes=\"auto, (max-width: 300px) 100vw, 300px\" \/><\/a>Memmingen<\/strong>, 25. April 2017<\/p>\n<blockquote><p>Am 22.04. fand in Memmingen unter dem Titel &#8220;Remembering means Fighting&#8221; eine Demonstration gegen Neonaziaktivit\u00e4ten im Allg\u00e4u statt, bei der viele Antifaschist*innen auf die Stra\u00dfe gingen. So wichtig wir es finden solche Zeichen zu setzen ist es doch sehr entt\u00e4uschend das auf Demonstrationen zwar Parolen wie &#8220;Nazis gibts in dieser Stadt\/Bildet Banden macht sie platt!&#8221; gerufen werden, in der Praxis aber die gr\u00f6\u00dfte Neonazikameradschaft Bayerns in selbiger Stadt Monate lang ein Clubhaus nutzt, sowie sich wenige Kilometer entfernt mit &#8220;Oldschool Records&#8221; ein Neonazi-Musiklabel befindet und gegen beide kaum Widerstand sichtbar ist. Von einem &#8220;plattmachen&#8221; kann also kaum die Rede sein. <!--more-->Deshalb haben wir beschlossen ein Zeichen zu setzen und haben in der Nacht vom 24.04. auf den 25.04. einen Brandsatz im Clubhaus der Neonazi-Kameradschaft &#8220;Voice of Anger&#8221; gelegt, in der Hoffnung damit andere Antifaschist*innen zu \u00e4hnlichen Aktionen zu inspirieren und einen militanten antifaschistischen Widerstand in Oberschwaben und dem Allg\u00e4u zu etablieren. Denn es gibt kein ruhiges Hinterland!<\/p><\/blockquote>\n<p><strong>Quelle<\/strong>: <a href=\"https:\/\/linksunten.indymedia.org\/de\/node\/210399\">Linksunten<\/a><\/p>\n","protected":false},"excerpt":{"rendered":"<p>Memmingen, 25. April 2017 Am 22.04. fand in Memmingen unter dem Titel &#8220;Remembering means Fighting&#8221; eine Demonstration gegen Neonaziaktivit\u00e4ten im Allg\u00e4u statt, bei der viele Antifaschist*innen auf die Stra\u00dfe gingen. So wichtig wir es finden solche Zeichen zu setzen ist es doch sehr entt\u00e4uschend das auf Demonstrationen zwar Parolen wie &#8220;Nazis gibts in dieser Stadt\/Bildet [&hellip;]<\/p>\n","protected":false},"author":12080,"featured_media":0,"comment_status":"closed","ping_status":"closed","sticky":false,"template":"","format":"standard","meta":{"footnotes":""},"categories":[2],"tags":[141],"class_list":["post-6200","post","type-post","status-publish","format-standard","hentry","category-de","tag-memmingen"],"_links":{"self":[{"href":"https:\/\/chronik.noblogs.org\/index.php?rest_route=\/wp\/v2\/posts\/6200","targetHints":{"allow":["GET"]}}],"collection":[{"href":"https:\/\/chronik.noblogs.org\/index.php?rest_route=\/wp\/v2\/posts"}],"about":[{"href":"https:\/\/chronik.noblogs.org\/index.php?rest_route=\/wp\/v2\/types\/post"}],"author":[{"embeddable":true,"href":"https:\/\/chronik.noblogs.org\/index.php?rest_route=\/wp\/v2\/users\/12080"}],"replies":[{"embeddable":true,"href":"https:\/\/chronik.noblogs.org\/index.php?rest_route=%2Fwp%2Fv2%2Fcomments&post=6200"}],"version-history":[{"count":0,"href":"https:\/\/chronik.noblogs.org\/index.php?rest_route=\/wp\/v2\/posts\/6200\/revisions"}],"wp:attachment":[{"href":"https:\/\/chronik.noblogs.org\/index.php?rest_route=%2Fwp%2Fv2%2Fmedia&parent=6200"}],"wp:term":[{"taxonomy":"category","embeddable":true,"href":"https:\/\/chronik.noblogs.org\/index.php?rest_route=%2Fwp%2Fv2%2Fcategories&post=6200"},{"taxonomy":"post_tag","embeddable":true,"href":"https:\/\/chronik.noblogs.org\/index.php?rest_route=%2Fwp%2Fv2%2Ftags&post=6200"}],"curies":[{"name":"wp","href":"https:\/\/api.w.org\/{rel}","templated":true}]}}