{"id":6181,"date":"2017-04-27T00:00:06","date_gmt":"2017-04-26T22:00:06","guid":{"rendered":"http:\/\/chronik.blackblogs.org\/?p=6181"},"modified":"2017-04-27T00:00:06","modified_gmt":"2017-04-26T22:00:06","slug":"farbe-und-steine-gegen-auslaenderbehoerde-2","status":"publish","type":"post","link":"https:\/\/chronik.noblogs.org\/?p=6181","title":{"rendered":"Farbe und Steine gegen Ausl\u00e4nderbeh\u00f6rde"},"content":{"rendered":"<p><strong>Wuppertal<\/strong>, 27. April 2017<\/p>\n<blockquote><p>Wir haben in der Nacht vom 26.4. auf den 27.4. die Wuppertaler Ausl\u00e4nderbeh\u00f6rde mit Steinen und Farbe als Ort der Ungerechtigkeit und Unmenschlichkeit markiert.<\/p>\n<p>Die erfolgreichen kapitalistischen westlichen Staaten f\u00fchren Krieg gegen Gefl\u00fcchtete. Flucht ist immer auch eine legitime Antwort auf Ausbeutung, Ungerechtigkeit, Krieg und die dadurch resultierende Armut. Der Krieg gegen Migration ist also auch als Krieg gegen die Ausgebeuteten dieser Welt zu verstehen. Krieg gegen die Ausgebeuteten wird an den Au\u00dfengrenzen Europas mit brutaler Gewalt gef\u00fchrt, wie zehntausende Tote im Mittelmeer beweisen, aber auch im Inneren der Festung Europa, wenn auch mit anderen Mitteln und nicht mit so unmittelbar t\u00f6dlichen Konsequenzen.<br \/>\n<!--more--><br \/>\nIm Krieg gegen Gefl\u00fcchtete sind die Ausl\u00e4nderbeh\u00f6rden Teil der Heimatfront und als Institutionen die f\u00fcr den Staat selektieren in: \u201eN\u00fctzlich f\u00fcr die Wirtschaft\u201c und nicht \u201eNicht n\u00fctzlich f\u00fcr die Wirtschaft\u201c, k\u00f6nnen Ausl\u00e4nderbeh\u00f6rden gar nicht oft genug angegriffen werden.<\/p>\n<p>In den letzten Jahren wurden von den Regierenden die Gesetze gegen Gefl\u00fcchtete abermals versch\u00e4rft. Wer bleiben m\u00f6chte, wird stark unter Druck gesetzt sich konform zu verhalten, was soviel bedeutet, wie sich m\u00f6glichst in einen Niedriglohn-Job ausbeuten zu lassen. Diese \u201eVermittlung\u201c \u00fcbernimmt dann das Jobcenter, das ebenfalls eine Institution der Erniedrigung und Entrechtung ist.<\/p>\n<p>Versch\u00e4rft wurden die Gesetze von der Bundesregierung aus SPD\/CDU und mitgetragen wird das Ganze in NRW von den Gr\u00fcnen. Sie erf\u00fcllen damit jetzt schon einen wichtigen Teil der Forderungen, der noch nicht einmal im Bundestag vertretenen, AfD. Die AfD \u00fcbernimmt derzeit noch im Kampf gegen Gefl\u00fcchtete das Aufhetzen der Stra\u00dfe, die Regierenden geben sich humanistisch und gie\u00dfen Rassismus in Gesetzesform.Vermutlich ist es sogar so, dass die AfD nur dadurch wieder erstarken konnte, weil Politiker*innen und Medien nach dem Sommer der Hoffnung 2015 viel von Chaos und unhaltbaren Zust\u00e4nden sprachen und damit die Rassist*innen hoch offiziell best\u00e4tigten. Wer unvoreingenommen war, hat sehr wenig von den ankommenden Menschen mitbekommen, wenn nicht der Kontakt gesucht wurde.<\/p>\n<p>Unsere Aktion ist klein, aber wir sind nicht allein! Gerade vor dem G20 in Hamburg laufen jetzt \u00fcberall die Angriffe gegen staatliche Institutionen, staatliche und kapitalistische Infrastruktur, sowie besonders beschissene Unternehmen. Wir sind begeistert und stellen unsere Aktion in den Zusammenhang mit dem Aktionsmonat April vor dem G20 Anfang Juli in Hamburg!<\/p>\n<p>Also: das Ruder rum rei\u00dfen, nicht mehr warten bis der Wind sich dreht!<\/p>\n<p>F\u00fcr die soziale Revolution und nat\u00fcrlich heraus zum Autonomen 1. Mai<\/p><\/blockquote>\n<p><strong>Quelle<\/strong>: <a href=\"https:\/\/linksunten.indymedia.org\/de\/node\/210813\">Linksunten<\/a><\/p>\n","protected":false},"excerpt":{"rendered":"<p>Wuppertal, 27. April 2017 Wir haben in der Nacht vom 26.4. auf den 27.4. die Wuppertaler Ausl\u00e4nderbeh\u00f6rde mit Steinen und Farbe als Ort der Ungerechtigkeit und Unmenschlichkeit markiert. Die erfolgreichen kapitalistischen westlichen Staaten f\u00fchren Krieg gegen Gefl\u00fcchtete. Flucht ist immer auch eine legitime Antwort auf Ausbeutung, Ungerechtigkeit, Krieg und die dadurch resultierende Armut. Der Krieg [&hellip;]<\/p>\n","protected":false},"author":12080,"featured_media":0,"comment_status":"closed","ping_status":"closed","sticky":false,"template":"","format":"standard","meta":{"footnotes":""},"categories":[2],"tags":[221],"class_list":["post-6181","post","type-post","status-publish","format-standard","hentry","category-de","tag-wuppertal"],"_links":{"self":[{"href":"https:\/\/chronik.noblogs.org\/index.php?rest_route=\/wp\/v2\/posts\/6181","targetHints":{"allow":["GET"]}}],"collection":[{"href":"https:\/\/chronik.noblogs.org\/index.php?rest_route=\/wp\/v2\/posts"}],"about":[{"href":"https:\/\/chronik.noblogs.org\/index.php?rest_route=\/wp\/v2\/types\/post"}],"author":[{"embeddable":true,"href":"https:\/\/chronik.noblogs.org\/index.php?rest_route=\/wp\/v2\/users\/12080"}],"replies":[{"embeddable":true,"href":"https:\/\/chronik.noblogs.org\/index.php?rest_route=%2Fwp%2Fv2%2Fcomments&post=6181"}],"version-history":[{"count":0,"href":"https:\/\/chronik.noblogs.org\/index.php?rest_route=\/wp\/v2\/posts\/6181\/revisions"}],"wp:attachment":[{"href":"https:\/\/chronik.noblogs.org\/index.php?rest_route=%2Fwp%2Fv2%2Fmedia&parent=6181"}],"wp:term":[{"taxonomy":"category","embeddable":true,"href":"https:\/\/chronik.noblogs.org\/index.php?rest_route=%2Fwp%2Fv2%2Fcategories&post=6181"},{"taxonomy":"post_tag","embeddable":true,"href":"https:\/\/chronik.noblogs.org\/index.php?rest_route=%2Fwp%2Fv2%2Ftags&post=6181"}],"curies":[{"name":"wp","href":"https:\/\/api.w.org\/{rel}","templated":true}]}}