{"id":6168,"date":"2017-04-30T00:00:01","date_gmt":"2017-04-29T22:00:01","guid":{"rendered":"http:\/\/chronik.blackblogs.org\/?p=6168"},"modified":"2017-04-30T00:00:01","modified_gmt":"2017-04-29T22:00:01","slug":"maserati-abgefackelt-2","status":"publish","type":"post","link":"https:\/\/chronik.noblogs.org\/?p=6168","title":{"rendered":"Maserati abgefackelt"},"content":{"rendered":"<p><strong><a href=\"https:\/\/chronik.noblogs.org\/files\/2017\/05\/mase.jpg\"><img loading=\"lazy\" decoding=\"async\" class=\"alignright size-medium wp-image-6169\" src=\"https:\/\/chronik.noblogs.org\/files\/2017\/05\/mase-300x191.jpg\" alt=\"\" height=\"191\" width=\"300\" srcset=\"https:\/\/chronik.noblogs.org\/files\/2017\/05\/mase-300x191.jpg 300w, https:\/\/chronik.noblogs.org\/files\/2017\/05\/mase-768x490.jpg 768w, https:\/\/chronik.noblogs.org\/files\/2017\/05\/mase.jpg 980w\" sizes=\"auto, (max-width: 300px) 100vw, 300px\" \/><\/a>Dresden<\/strong>, <span class=\"submitted\">30. April 2017<\/span><\/p>\n<blockquote><p>In der Nacht von Samstag auf Sonntag haben wir ein Luxusauto der Marke Maserati, am Rande der Neustadt, in Flammen aufgehen lassen. Das Feuer traf zudem ein davorstehenden Jaguar, welcher auch einen Totalschaden erlitt. Wir wollen damit auf die anhaltende Gentrifizierung und die damit stattfindene Vertreibung aus unseren Vierteln aufmerksam machen. Auch wollen wir den Bullen zeigen, welche uns seit Monaten fast jedes Wochnende belagern, dass wir uns durch sie nicht einsch\u00fcchtern lassen und weiter aktiv sind.<br \/>\n<!--more--><br \/>\nZeitgleich steht unsere Aktion in Zusammenhang mit dem 1. Mai. Als Feier- und Volksfesttag in die deutsche Leitkultur integriert, ist der Geist dieses Tages in Vergessenheit geraten. Durch unseren Hass und unsere Flammen wollen wir allen ins Ged\u00e4chnis rufen f\u00fcr was der erste Mai steht.<\/p>\n<p>F\u00fcr eine revolution\u00e4re Gesellschaft, auch \u00fcber den ersten Mai hinaus.<br \/>\nSolidarit\u00e4t mit der Friedel 54 und allen Menschen welche von Gentrifizierung betroffen sind!<\/p>\n<p>In der Zeitung war zu lesen:<br \/>\nhttps:\/\/www.tag24.de\/nachrichten\/dresden-brand-maserati-jaguar-radeberger-vorstadt-flammen-feuerwehr-luxus-totalschaden-244568<br \/>\nhttp:\/\/www.mdr.de\/sachsen\/dresden\/autos-brennen-leipzig-dresden-100.html<\/p><\/blockquote>\n<p><strong>Quelle<\/strong>: <a href=\"https:\/\/linksunten.indymedia.org\/de\/node\/211186\">Linksunten<\/a><\/p>\n","protected":false},"excerpt":{"rendered":"<p>Dresden, 30. April 2017 In der Nacht von Samstag auf Sonntag haben wir ein Luxusauto der Marke Maserati, am Rande der Neustadt, in Flammen aufgehen lassen. Das Feuer traf zudem ein davorstehenden Jaguar, welcher auch einen Totalschaden erlitt. Wir wollen damit auf die anhaltende Gentrifizierung und die damit stattfindene Vertreibung aus unseren Vierteln aufmerksam machen. [&hellip;]<\/p>\n","protected":false},"author":12080,"featured_media":0,"comment_status":"closed","ping_status":"closed","sticky":false,"template":"","format":"standard","meta":{"footnotes":""},"categories":[2],"tags":[52],"class_list":["post-6168","post","type-post","status-publish","format-standard","hentry","category-de","tag-dresden"],"_links":{"self":[{"href":"https:\/\/chronik.noblogs.org\/index.php?rest_route=\/wp\/v2\/posts\/6168","targetHints":{"allow":["GET"]}}],"collection":[{"href":"https:\/\/chronik.noblogs.org\/index.php?rest_route=\/wp\/v2\/posts"}],"about":[{"href":"https:\/\/chronik.noblogs.org\/index.php?rest_route=\/wp\/v2\/types\/post"}],"author":[{"embeddable":true,"href":"https:\/\/chronik.noblogs.org\/index.php?rest_route=\/wp\/v2\/users\/12080"}],"replies":[{"embeddable":true,"href":"https:\/\/chronik.noblogs.org\/index.php?rest_route=%2Fwp%2Fv2%2Fcomments&post=6168"}],"version-history":[{"count":0,"href":"https:\/\/chronik.noblogs.org\/index.php?rest_route=\/wp\/v2\/posts\/6168\/revisions"}],"wp:attachment":[{"href":"https:\/\/chronik.noblogs.org\/index.php?rest_route=%2Fwp%2Fv2%2Fmedia&parent=6168"}],"wp:term":[{"taxonomy":"category","embeddable":true,"href":"https:\/\/chronik.noblogs.org\/index.php?rest_route=%2Fwp%2Fv2%2Fcategories&post=6168"},{"taxonomy":"post_tag","embeddable":true,"href":"https:\/\/chronik.noblogs.org\/index.php?rest_route=%2Fwp%2Fv2%2Ftags&post=6168"}],"curies":[{"name":"wp","href":"https:\/\/api.w.org\/{rel}","templated":true}]}}