{"id":6142,"date":"2017-04-09T00:00:47","date_gmt":"2017-04-08T22:00:47","guid":{"rendered":"http:\/\/chronik.blackblogs.org\/?p=6142"},"modified":"2017-04-09T00:00:47","modified_gmt":"2017-04-08T22:00:47","slug":"pietre-a-agenzia-del-lavoro","status":"publish","type":"post","link":"https:\/\/chronik.noblogs.org\/?p=6142","title":{"rendered":"Pietre a agenzia del lavoro"},"content":{"rendered":"<p><strong>Colonia (K\u00f6ln)<\/strong>, 9 aprile 2017<\/p>\n<blockquote><p>Questa settimana, il nuovo capo dell&#8217;agenzia federale per il lavoro Detlef Scheele ha assunto la sua carica. Vuole stare di pi\u00f9 alle costole ax disoccupatx di lunga durata ed annuncia un \u201cassedio premuroso\u201d. Come saluto abbiamo \u201cassediato con ostilit\u00e0\u201d l&#8217;agenzia centrale per il lavoro e rotto la facciata in vetro.<br \/>\n<!--more--><br \/>\nScheele vuole \u201cinfluenzare\u201d maggiormente la propria clientela e cerca una \u201cintensificazione del contatto\u201d con lx disoccupatx di lunga durata: \u201cSe si \u00e8 fuori dal proprio lavoro pi\u00f9 a lungo, a volte ci vuole una spintarella per tornare.\u201d Non ci serve per questa notte, siamo tornatx senza alcuna premura inabilitante e abbiamo \u201cinfluenzato\u201d la facciata. Scheele, ex senatore per il lavoro e il sociale ad Amburgo vuole aumentare la pressione e nel dibattito attuale rivendica l&#8217;agenda 2010. Un&#8217;idea del suo modo di esercitare pressione lo da il suo passato come direttore di un&#8217;ente per il lavoro di Amburgo. Parte del programma era un internamento vessatorio dentro lavori senza senso (da 1 \u20ac) dex disoccupatx a lungo termine, lavori nei quali ci si doveva, come intimidazione, fare ammaestrare al lavoro nella sua accezione pi\u00f9 bruta.<\/p>\n<p>Corrisponde perfettamente all&#8217;iniziativa di Scheele il fatto che si rifa vivo uno creduto morto da molto tempo: Peter Hartz, padrino delle ineffabili leggi sui tagli ai sussidi sociali. Questi, inizio maggio a Berlino vorrebbe presentare al pubblico le sue \u201cnuove idee\u201d.<br \/>\nPreferirebbe di gran lunga farlo anonimamente poich\u00e9 il suo nome sarebbe bruciato. Soffrirebbe ancora del fatto che dal 2003, dall&#8217;agenda 2010 in poi, \u00e8 stato oggetto di malumore, cos\u00ec Hartz in un&#8217;intervista di met\u00e0 marzo. Imperterrito resta fedele allo spirito dell&#8217;agenda 2010, vuole solo migliorare e non \u00e8 d&#8217;accordo con l&#8217;interpretazione della stellina SPD, Schulz, che dice che l&#8217;agenda sarebbe difettosa.<\/p>\n<p>E che cosa ha nei bagagli attuali, \u201cl&#8217;attivatore\u201d e l&#8217;ex-direttore corrotto di VW?<br \/>\nNuove proposte di riforma e per degli \u201cstrumenti per il mercato del lavoro\u201d. Cos\u00ec, ora vuole attivare anche le persone dai 70 ai 90 anni. Non \u00e8 uno scherzo di aprile ma l&#8217;intende&nbsp; assolutamente sul serio! Lx instancabili da lui chiamati \u201cLonginos\u201d dovrebbero dare il loro contributo al mercato del lavoro anche in et\u00e0 molto avanzata \u2013 per ora volontariamente. A tuttx \u00e8 chiaro che un tale contributo al discorso vuole solo rafforzare l&#8217;accettazione di un chiaro innalzamento e poi l&#8217;annullamento di un limite massimo dell&#8217;et\u00e0 pensionabile. Lavorare tutta la vita dovrebbe diventare normalit\u00e0. E Peter lo rappresenta come una chance di non essere messx da parte nella vecchiaia.<br \/>\nEvidentemente la sua paura ancestrale, e cos\u00ec il cinico \u201cmodernizzatore\u201d torna all&#8217;attacco, non ancora contento di aver realizzato sotto il governo rosso-verde la missione storica del finora pi\u00f9 massiccio programma di tagli sociali: questo da stronzo potente della SPD sul quale anche in futuro la politica dovrebbe scaricare l&#8217;odio dex superflux. Uno che, imperterrito, resta fedele alla distruzione di tutto il sociale per iscriversi cos\u00ec ancora pi\u00f9 profondamente nei libri di storia.<\/p>\n<p>Ad ambo i \u201cmodernizzatori\u201d va il nostro disprezzo e attacco. Rispondiamo preventivamente con un \u201cassedio poco premuroso\u201d. Se continuate davvero con i giri di vite dei vostri reclami asociali come nel 2004 \u2013 2006, sarete sotto la minaccia di una tutt&#8217;altra estensione di \u201cassedio\u201d.<\/p>\n<p>Consideriamo la nostra azione un piccolo contributo al mese di azione di aprile contro il G20 e con questo appoggiamo la campagna \u201cCambiare rotta, affinch\u00e9 giri il vento!\u201d<\/p><\/blockquote>\n<p><strong>Fonte<\/strong>: <a href=\"https:\/\/linksunten.indymedia.org\/it\/node\/211487\">Linksunten<\/a><\/p>\n","protected":false},"excerpt":{"rendered":"<p>Colonia (K\u00f6ln), 9 aprile 2017 Questa settimana, il nuovo capo dell&#8217;agenzia federale per il lavoro Detlef Scheele ha assunto la sua carica. Vuole stare di pi\u00f9 alle costole ax disoccupatx di lunga durata ed annuncia un \u201cassedio premuroso\u201d. Come saluto abbiamo \u201cassediato con ostilit\u00e0\u201d l&#8217;agenzia centrale per il lavoro e rotto la facciata in vetro.<\/p>\n","protected":false},"author":12080,"featured_media":0,"comment_status":"closed","ping_status":"closed","sticky":false,"template":"","format":"standard","meta":{"footnotes":""},"categories":[6],"tags":[110],"class_list":["post-6142","post","type-post","status-publish","format-standard","hentry","category-it","tag-koeln"],"_links":{"self":[{"href":"https:\/\/chronik.noblogs.org\/index.php?rest_route=\/wp\/v2\/posts\/6142","targetHints":{"allow":["GET"]}}],"collection":[{"href":"https:\/\/chronik.noblogs.org\/index.php?rest_route=\/wp\/v2\/posts"}],"about":[{"href":"https:\/\/chronik.noblogs.org\/index.php?rest_route=\/wp\/v2\/types\/post"}],"author":[{"embeddable":true,"href":"https:\/\/chronik.noblogs.org\/index.php?rest_route=\/wp\/v2\/users\/12080"}],"replies":[{"embeddable":true,"href":"https:\/\/chronik.noblogs.org\/index.php?rest_route=%2Fwp%2Fv2%2Fcomments&post=6142"}],"version-history":[{"count":0,"href":"https:\/\/chronik.noblogs.org\/index.php?rest_route=\/wp\/v2\/posts\/6142\/revisions"}],"wp:attachment":[{"href":"https:\/\/chronik.noblogs.org\/index.php?rest_route=%2Fwp%2Fv2%2Fmedia&parent=6142"}],"wp:term":[{"taxonomy":"category","embeddable":true,"href":"https:\/\/chronik.noblogs.org\/index.php?rest_route=%2Fwp%2Fv2%2Fcategories&post=6142"},{"taxonomy":"post_tag","embeddable":true,"href":"https:\/\/chronik.noblogs.org\/index.php?rest_route=%2Fwp%2Fv2%2Ftags&post=6142"}],"curies":[{"name":"wp","href":"https:\/\/api.w.org\/{rel}","templated":true}]}}