{"id":6095,"date":"2017-03-17T00:00:58","date_gmt":"2017-03-16T22:00:58","guid":{"rendered":"http:\/\/chronik.blackblogs.org\/?p=6095"},"modified":"2017-03-17T00:00:58","modified_gmt":"2017-03-16T22:00:58","slug":"incendiate-auto-della-polizia","status":"publish","type":"post","link":"https:\/\/chronik.noblogs.org\/?p=6095","title":{"rendered":"Incendiate auto della polizia"},"content":{"rendered":"<p><strong><a href=\"https:\/\/chronik.noblogs.org\/files\/2017\/03\/206925.jpg\"><img loading=\"lazy\" decoding=\"async\" class=\"alignright size-medium wp-image-5869\" src=\"https:\/\/chronik.noblogs.org\/files\/2017\/03\/206925-300x169.jpg\" alt=\"\" height=\"169\" width=\"300\" srcset=\"https:\/\/chronik.noblogs.org\/files\/2017\/03\/206925-300x169.jpg 300w, https:\/\/chronik.noblogs.org\/files\/2017\/03\/206925-768x432.jpg 768w, https:\/\/chronik.noblogs.org\/files\/2017\/03\/206925-1024x576.jpg 1024w, https:\/\/chronik.noblogs.org\/files\/2017\/03\/206925.jpg 1280w\" sizes=\"auto, (max-width: 300px) 100vw, 300px\" \/><\/a>Amburgo (Hamburg)<\/strong>, 17 marzo 2017<\/p>\n<blockquote><p>Ad Amburgo si dice tsch\u00fcss<br \/>\n\u2013 anche alle auto di polizia.<br \/>\nIl 17 marzo ad Amburgo abbiamo dato fuoco a due auto della Polizia. In via \u2026 vicinissimo al domicilio del sindaco Olaf Scholz&nbsp; bruciava l&#8217;auto delle sue guardie. In via \u2026 davanti all&#8217;ufficio del sindacato di polizia (GdP) e direttamente sotto il naso del presidio di polizia bruciava un furgone del GdP.<br \/>\n<!--more--><br \/>\nIl GdP e il suo direttore regionale Kirsch dopo gli scontri del 21\/12\/2013 minacciavano ad Amburgo: \u201cLa prossima volta spariamo a palla!\u201d Simile la minaccia di una escalation ad Amburgo da parte della federazione degli agenti della criminale tedesca, con riferimento alle lotte a Genova e l&#8217;assassinio di Carlo Giuliani. Come per chiarire in tempo che in caso di una perdita del controllo durante il G20 non sarebbero da escludere dex manifestanti mortx. Per questo sistema le vittime quotidiane degli sbirri sono solo un danno collaterale necessario.<\/p>\n<p>Il GdP e il sindacato tedesco di polizia sono il braccio politico degli sbirri. Insistono per un inasprimento delle pene per es. nel caso di attacchi \u201cviolenti\u201d agli sbirri. Cos\u00ec, il \u00a7 114 prevede che gli attacchi sono maggiormente e pi\u00f9 facilmente punibili e solo con pene detentive. Anche senza lesioni. E se l&#8217;attaccante porta un utensile senza usarlo o intenzione di usarlo, \u00e8 un&#8217;aggravante. Il paragrafo finora vigente era stato inasprito solo nel 2011. Ma al contrario delle cifre presentate al pubblico, negli ultimi anni gli attacchi ad agenti di polizia sono diminuiti. Addirittura gli esperti in giurisprudenza penale dicono che in Germania le lesioni gravi e le prolungate assenze dal servizio sono piuttosto rare. Purtroppo! \u00c8 piuttosto evidente per chi funzionano le loro leggi.<br \/>\n<a href=\"https:\/\/chronik.noblogs.org\/files\/2017\/03\/206930.jpg\"><img loading=\"lazy\" decoding=\"async\" class=\"alignright size-medium wp-image-5871\" src=\"https:\/\/chronik.noblogs.org\/files\/2017\/03\/206930-300x200.jpg\" alt=\"\" height=\"200\" width=\"300\" srcset=\"https:\/\/chronik.noblogs.org\/files\/2017\/03\/206930-300x200.jpg 300w, https:\/\/chronik.noblogs.org\/files\/2017\/03\/206930-768x511.jpg 768w, https:\/\/chronik.noblogs.org\/files\/2017\/03\/206930.jpg 820w\" sizes=\"auto, (max-width: 300px) 100vw, 300px\" \/><\/a><br \/>\nOra il GdP ha una vettura di meno per portare il caff\u00e8 agli sbirri durante il vertice. E c&#8217;\u00e8 pure un furgone di meno che pu\u00f2 ostacolare noi e lx altrx o che controlla i nostri spazi vitali. Pu\u00f2 sembrare poca cosa ma pu\u00f2 essere riprodotto da chiunque sia determinato a farlo. Attacchiamo quel che ci opprime. Non c&#8217;\u00e8 di che attendere.<\/p>\n<p>Ricordiamo Ian Tomlinson che in aprile del 2009 durante il vertice G20 moriva d&#8217;infarto dopo essere stato ripetutamente atterrato e pestato dagli sbirri che tralasciarono ogni tentativo di rianimazione.<br \/>\nRicordiamo Carlo Giuliani che nel 2001 durante il vertice G7 fu ucciso a spari dagli sbirri. E tuttx senza nome che nel conflitto quotidiano con queste condizioni furono assassinatx dagli sbirri.<\/p>\n<p>Prima del vertice, durante il vertice, dopo il vertice: contro lo Stato, il capitalismo ed ogni autorit\u00e0!<\/p><\/blockquote>\n<p><strong>Fonte<\/strong>: <a href=\"https:\/\/linksunten.indymedia.org\/de\/node\/206906\">Linksunten, mc<\/a><\/p>\n<p>&nbsp;<\/p>\n","protected":false},"excerpt":{"rendered":"<p>Amburgo (Hamburg), 17 marzo 2017 Ad Amburgo si dice tsch\u00fcss \u2013 anche alle auto di polizia. Il 17 marzo ad Amburgo abbiamo dato fuoco a due auto della Polizia. In via \u2026 vicinissimo al domicilio del sindaco Olaf Scholz&nbsp; bruciava l&#8217;auto delle sue guardie. In via \u2026 davanti all&#8217;ufficio del sindacato di polizia (GdP) e [&hellip;]<\/p>\n","protected":false},"author":12080,"featured_media":0,"comment_status":"closed","ping_status":"closed","sticky":false,"template":"","format":"standard","meta":{"footnotes":""},"categories":[6],"tags":[88],"class_list":["post-6095","post","type-post","status-publish","format-standard","hentry","category-it","tag-hamburg"],"_links":{"self":[{"href":"https:\/\/chronik.noblogs.org\/index.php?rest_route=\/wp\/v2\/posts\/6095","targetHints":{"allow":["GET"]}}],"collection":[{"href":"https:\/\/chronik.noblogs.org\/index.php?rest_route=\/wp\/v2\/posts"}],"about":[{"href":"https:\/\/chronik.noblogs.org\/index.php?rest_route=\/wp\/v2\/types\/post"}],"author":[{"embeddable":true,"href":"https:\/\/chronik.noblogs.org\/index.php?rest_route=\/wp\/v2\/users\/12080"}],"replies":[{"embeddable":true,"href":"https:\/\/chronik.noblogs.org\/index.php?rest_route=%2Fwp%2Fv2%2Fcomments&post=6095"}],"version-history":[{"count":0,"href":"https:\/\/chronik.noblogs.org\/index.php?rest_route=\/wp\/v2\/posts\/6095\/revisions"}],"wp:attachment":[{"href":"https:\/\/chronik.noblogs.org\/index.php?rest_route=%2Fwp%2Fv2%2Fmedia&parent=6095"}],"wp:term":[{"taxonomy":"category","embeddable":true,"href":"https:\/\/chronik.noblogs.org\/index.php?rest_route=%2Fwp%2Fv2%2Fcategories&post=6095"},{"taxonomy":"post_tag","embeddable":true,"href":"https:\/\/chronik.noblogs.org\/index.php?rest_route=%2Fwp%2Fv2%2Ftags&post=6095"}],"curies":[{"name":"wp","href":"https:\/\/api.w.org\/{rel}","templated":true}]}}