{"id":6093,"date":"2017-03-17T00:00:39","date_gmt":"2017-03-16T22:00:39","guid":{"rendered":"http:\/\/chronik.blackblogs.org\/?p=6093"},"modified":"2017-03-17T00:00:39","modified_gmt":"2017-03-16T22:00:39","slug":"bruciata-auto-di-stefan-luedtke-ib-identitaere-bewegung","status":"publish","type":"post","link":"https:\/\/chronik.noblogs.org\/?p=6093","title":{"rendered":"Bruciata auto di Stefan L\u00fcdtke (IB \u2013 Identit\u00e4re Bewegung)"},"content":{"rendered":"<p><strong><a href=\"https:\/\/chronik.noblogs.org\/files\/2017\/03\/206934.jpg\"><img loading=\"lazy\" decoding=\"async\" class=\"alignright size-medium wp-image-5873\" src=\"https:\/\/chronik.noblogs.org\/files\/2017\/03\/206934-300x200.jpg\" alt=\"\" height=\"200\" width=\"300\" srcset=\"https:\/\/chronik.noblogs.org\/files\/2017\/03\/206934-300x200.jpg 300w, https:\/\/chronik.noblogs.org\/files\/2017\/03\/206934.jpg 505w\" sizes=\"auto, (max-width: 300px) 100vw, 300px\" \/><\/a><\/strong><span class=\"submitted\"><strong>Bad Oldesloe<\/strong>, 17 marzo 2017<\/span><\/p>\n<blockquote><p>Questa notte abbiamo bruciato l&#8217;auto di Stefan L\u00fcdtke, capo della IB Amburgo che abita e lavora a Bad Oldesloe. Non pu\u00f2 nascondersi, nessun membro della IB lo pu\u00f2!<\/p>\n<p>Anche in futuro dimostreremo alla IB che le loro azioni e i loro attacchi non rimarranno senza risposta. Per ogni volantino distribuito, ogni autoadesivo, ogni attacco pagherete il prezzo doppio e il triplo, il vostro gioco al nascondino \u00e8 passato. Aspettateci!<br \/>\n<!--more--><br \/>\nMandiamo saluti solidali ax compas attaccatx a Lubecca e a tuttx che sono colpiti dalla violenza di destra!<\/p><\/blockquote>\n<p><strong>Fonte<\/strong>: <a href=\"https:\/\/linksunten.indymedia.org\/it\/node\/210382\">Linksunten<\/a><\/p>\n","protected":false},"excerpt":{"rendered":"<p>Bad Oldesloe, 17 marzo 2017 Questa notte abbiamo bruciato l&#8217;auto di Stefan L\u00fcdtke, capo della IB Amburgo che abita e lavora a Bad Oldesloe. Non pu\u00f2 nascondersi, nessun membro della IB lo pu\u00f2! Anche in futuro dimostreremo alla IB che le loro azioni e i loro attacchi non rimarranno senza risposta. Per ogni volantino distribuito, [&hellip;]<\/p>\n","protected":false},"author":12080,"featured_media":0,"comment_status":"closed","ping_status":"closed","sticky":false,"template":"","format":"standard","meta":{"footnotes":""},"categories":[6],"tags":[17],"class_list":["post-6093","post","type-post","status-publish","format-standard","hentry","category-it","tag-bad-oldesloe"],"_links":{"self":[{"href":"https:\/\/chronik.noblogs.org\/index.php?rest_route=\/wp\/v2\/posts\/6093","targetHints":{"allow":["GET"]}}],"collection":[{"href":"https:\/\/chronik.noblogs.org\/index.php?rest_route=\/wp\/v2\/posts"}],"about":[{"href":"https:\/\/chronik.noblogs.org\/index.php?rest_route=\/wp\/v2\/types\/post"}],"author":[{"embeddable":true,"href":"https:\/\/chronik.noblogs.org\/index.php?rest_route=\/wp\/v2\/users\/12080"}],"replies":[{"embeddable":true,"href":"https:\/\/chronik.noblogs.org\/index.php?rest_route=%2Fwp%2Fv2%2Fcomments&post=6093"}],"version-history":[{"count":0,"href":"https:\/\/chronik.noblogs.org\/index.php?rest_route=\/wp\/v2\/posts\/6093\/revisions"}],"wp:attachment":[{"href":"https:\/\/chronik.noblogs.org\/index.php?rest_route=%2Fwp%2Fv2%2Fmedia&parent=6093"}],"wp:term":[{"taxonomy":"category","embeddable":true,"href":"https:\/\/chronik.noblogs.org\/index.php?rest_route=%2Fwp%2Fv2%2Fcategories&post=6093"},{"taxonomy":"post_tag","embeddable":true,"href":"https:\/\/chronik.noblogs.org\/index.php?rest_route=%2Fwp%2Fv2%2Ftags&post=6093"}],"curies":[{"name":"wp","href":"https:\/\/api.w.org\/{rel}","templated":true}]}}