{"id":6013,"date":"2017-02-28T00:00:07","date_gmt":"2017-02-27T22:00:07","guid":{"rendered":"http:\/\/chronik.blackblogs.org\/?p=6013"},"modified":"2017-02-28T00:00:07","modified_gmt":"2017-02-27T22:00:07","slug":"six-voitures-de-securitas-incendiees","status":"publish","type":"post","link":"https:\/\/chronik.noblogs.org\/?p=6013","title":{"rendered":"Six voitures de Securitas incendi\u00e9es"},"content":{"rendered":"<p><strong><a href=\"https:\/\/chronik.noblogs.org\/files\/2017\/03\/205334.jpg\"><img loading=\"lazy\" decoding=\"async\" class=\"alignright size-medium wp-image-5762\" src=\"https:\/\/chronik.noblogs.org\/files\/2017\/03\/205334-300x169.jpg\" alt=\"205334\" height=\"169\" width=\"300\" srcset=\"https:\/\/chronik.noblogs.org\/files\/2017\/03\/205334-300x169.jpg 300w, https:\/\/chronik.noblogs.org\/files\/2017\/03\/205334-768x432.jpg 768w, https:\/\/chronik.noblogs.org\/files\/2017\/03\/205334.jpg 820w\" sizes=\"auto, (max-width: 300px) 100vw, 300px\" \/><\/a>Berlin<\/strong>, 28 f\u00e9vrier 2017<\/p>\n<blockquote><p>Bonsoir! Dans la soir\u00e9e du 28 f\u00e9vrier 2017, nous avons incendi\u00e9 six voitures de l\u2019entreprise Securitas \u00e0 la gare Anhalter. Depuis deux ans \u00e0 Berlin, Securitas surveille l\u2019acc\u00e8s \u00e0 l\u2019\u00e9cole occup\u00e9e de la Ohlauer str. et contraint ainsi les quelques r\u00e9fugi\u00e9s rest\u00e9s \u00e0 cet endroit \u00e0 une vie semblable \u00e0 la taule. En s\u2019affichant en permanence et en harcelant les habitant.e.s, leur nombre s\u2019est constamment r\u00e9duit \u2013 Beaucoup ont disparu en taule, ont \u00e9t\u00e9 expuls\u00e9.e.s ou sont d\u00e9clar\u00e9s ind\u00e9sirables dans ce lieu.<br \/>\n<!--more--><br \/>\nSi nous pouvions nous identifier plus profond\u00e9ment aux esclaves de cette soci\u00e9t\u00e9, nous pourrions alors nous lamenter sur le fait que la \u00ab surveillance \u00bb co\u00fbte des millions aux contribuables. Mais non. Puis nous devrions pourtant nous plaindre aussi des mauvaises conditions de travail dans le secteur de la s\u00e9curit\u00e9. Mais au contraire, nous oeuvrons \u00e0 la destruction des ponts de cette soci\u00e9t\u00e9 qui sont justement pr\u00e9serv\u00e9s chaque jour par le secteur de la s\u00e9curit\u00e9, dans le but m\u00eame d\u2019int\u00e9grer des praxis de r\u00e9volte au sein des milieux en partie autonomes.<\/p>\n<p>C\u2019est pourquoi nous regardons avec des yeux scintillants et apercevons qu\u2019actuellement la canalisation de la col\u00e8re augmente dans chaque r\u00e9gion isol\u00e9e de ce monde de merde. Nous sommes au courant des affrontements en Su\u00e8de, de la rage bouillonnante en Suisse et des attaques contre les gardiens du syst\u00e8me en France. Nous ne voulons pas continuer \u00e0 c\u00e9l\u00e9brer nos liens affinitaires en silence mais les rendre visibles par des nuages perceptibles de pneus, de b\u00e2timents et des parties enti\u00e8res de la ville en feu. Comme le formulent nos compagnon.nes en Gr\u00e8ce, nous voulons aussi incendier les nuits de cette soci\u00e9t\u00e9 satisfaite et transformer nos villes en champs de bataille ingouvernables.<\/p>\n<p>Il y a des individus qui n\u2019ont pas sombr\u00e9 dans la servitude du syst\u00e8me et qui d\u00e9terminent eux-m\u00eames leurs perspectives afin de ne pas sombrer dans ce m\u00eame affront. La r\u00e9bellion contre cet esclavage\/cette barbarie devient de plus en plus forte. Nous consacrons \u00e9galement cette attaque \u00e0 ceux dont nous avons appris le nom, pour les revigorer dans leurs luttes ou entretenir leurs m\u00e9moires:<\/p>\n<p>Pour Tamara Sol, incarc\u00e9r\u00e9e sur le territoire domin\u00e9 par l\u2019Etat chilien, pour ses repr\u00e9sailles exerc\u00e9es sur un mercenaire d\u2019une soci\u00e9t\u00e9 de surveillance.<\/p>\n<p>Pour Nikos Maziotis et Pola Roupa, qui sont contraints de lutter au tribunal contre le statut d\u2019otage qui frappe leur enfant.<\/p>\n<p>Pour Lambros Foundas, qui a \u00e9t\u00e9 abattu il y a sept ans \u00e0 Ath\u00e8nes lors d\u2019un affrontement avec les porcs.<\/p>\n<p>Pour les innombrables personnes en exil, qui sont assassin\u00e9es au nom de l\u2019Union Europ\u00e9enne par des mercenaires du priv\u00e9 comme du public ou sont surveill\u00e9es dans des centres de r\u00e9tention par des entreprises de s\u00e9curit\u00e9 priv\u00e9e.<\/p>\n<p>Nous, conspiration d\u2019incendiaires vindicatifs, appelons les cellules et individus de l\u2019action anarchiste, \u00e0 soutenir les propositions de l\u2019espace germanophone, \u00e0 utiliser en m\u00eame temps le sommet du G20 pour renforcer la pratique commune. En ce sens, il convient de se r\u00e9f\u00e9rer \u00e0 l\u2019id\u00e9e d\u2019une coordination informelle. Pour nous, il n\u2019y aura donc pas de sommet avec des manifs d\u00e9limit\u00e9es dans le temps mais la tentative de produire, d\u00e9j\u00e0 d\u2019avance et sur la dur\u00e9e, des situations incontr\u00f4lables sans revendication politique.<\/p><\/blockquote>\n<p><strong>Source<\/strong>: <a href=\"https:\/\/linksunten.indymedia.org\/fr\/node\/208241\"><span class=\"submitted\">lechatnoiremeutier<\/span><\/a><\/p>\n<p>&nbsp;<\/p>\n<p>&nbsp;<\/p>\n\n\t\t\t<div id='gallery-6013-1' class='gallery gallery-6013'>\n\t\t\t\t<div class='gallery-row gallery-clear'>\n\t\t\t\t\t<dl class='gallery-item col-3'>\n\t\t\t\t\t\t<dt class='gallery-icon'><a href='https:\/\/chronik.noblogs.org\/files\/2017\/03\/205266.jpg'><img loading=\"lazy\" decoding=\"async\" width=\"150\" height=\"150\" src=\"https:\/\/chronik.noblogs.org\/files\/2017\/03\/205266-150x150.jpg\" class=\"attachment-thumbnail size-thumbnail\" alt=\"\" \/><\/a><\/dt>\n\t\t\t\t\t<\/dl>\n\t\t\t\t\t<dl class='gallery-item col-3'>\n\t\t\t\t\t\t<dt class='gallery-icon'><a href='https:\/\/chronik.noblogs.org\/files\/2017\/03\/205267.jpg'><img loading=\"lazy\" decoding=\"async\" width=\"150\" height=\"150\" src=\"https:\/\/chronik.noblogs.org\/files\/2017\/03\/205267-150x150.jpg\" class=\"attachment-thumbnail size-thumbnail\" alt=\"\" \/><\/a><\/dt>\n\t\t\t\t\t<\/dl>\n\t\t\t\t\t<dl class='gallery-item col-3'>\n\t\t\t\t\t\t<dt class='gallery-icon'><a href='https:\/\/chronik.noblogs.org\/files\/2017\/03\/205259.jpg'><img loading=\"lazy\" decoding=\"async\" width=\"150\" height=\"150\" src=\"https:\/\/chronik.noblogs.org\/files\/2017\/03\/205259-150x150.jpg\" class=\"attachment-thumbnail size-thumbnail\" alt=\"\" \/><\/a><\/dt>\n\t\t\t\t\t<\/dl>\n\t\t\t\t<\/div>\n\t\t\t<\/div><!-- .gallery -->\n\n<p>&nbsp;<\/p>\n","protected":false},"excerpt":{"rendered":"<p>Berlin, 28 f\u00e9vrier 2017 Bonsoir! Dans la soir\u00e9e du 28 f\u00e9vrier 2017, nous avons incendi\u00e9 six voitures de l\u2019entreprise Securitas \u00e0 la gare Anhalter. Depuis deux ans \u00e0 Berlin, Securitas surveille l\u2019acc\u00e8s \u00e0 l\u2019\u00e9cole occup\u00e9e de la Ohlauer str. et contraint ainsi les quelques r\u00e9fugi\u00e9s rest\u00e9s \u00e0 cet endroit \u00e0 une vie semblable \u00e0 la [&hellip;]<\/p>\n","protected":false},"author":12080,"featured_media":0,"comment_status":"closed","ping_status":"closed","sticky":false,"template":"","format":"standard","meta":{"footnotes":""},"categories":[5],"tags":[24],"class_list":["post-6013","post","type-post","status-publish","format-standard","hentry","category-fr","tag-berlin"],"_links":{"self":[{"href":"https:\/\/chronik.noblogs.org\/index.php?rest_route=\/wp\/v2\/posts\/6013","targetHints":{"allow":["GET"]}}],"collection":[{"href":"https:\/\/chronik.noblogs.org\/index.php?rest_route=\/wp\/v2\/posts"}],"about":[{"href":"https:\/\/chronik.noblogs.org\/index.php?rest_route=\/wp\/v2\/types\/post"}],"author":[{"embeddable":true,"href":"https:\/\/chronik.noblogs.org\/index.php?rest_route=\/wp\/v2\/users\/12080"}],"replies":[{"embeddable":true,"href":"https:\/\/chronik.noblogs.org\/index.php?rest_route=%2Fwp%2Fv2%2Fcomments&post=6013"}],"version-history":[{"count":0,"href":"https:\/\/chronik.noblogs.org\/index.php?rest_route=\/wp\/v2\/posts\/6013\/revisions"}],"wp:attachment":[{"href":"https:\/\/chronik.noblogs.org\/index.php?rest_route=%2Fwp%2Fv2%2Fmedia&parent=6013"}],"wp:term":[{"taxonomy":"category","embeddable":true,"href":"https:\/\/chronik.noblogs.org\/index.php?rest_route=%2Fwp%2Fv2%2Fcategories&post=6013"},{"taxonomy":"post_tag","embeddable":true,"href":"https:\/\/chronik.noblogs.org\/index.php?rest_route=%2Fwp%2Fv2%2Ftags&post=6013"}],"curies":[{"name":"wp","href":"https:\/\/api.w.org\/{rel}","templated":true}]}}