{"id":5993,"date":"2017-03-14T00:00:13","date_gmt":"2017-03-13T22:00:13","guid":{"rendered":"http:\/\/chronik.blackblogs.org\/?p=5993"},"modified":"2017-03-14T00:00:13","modified_gmt":"2017-03-13T22:00:13","slug":"pietre-e-vernice-a-locali-con-nessi-con-afd","status":"publish","type":"post","link":"https:\/\/chronik.noblogs.org\/?p=5993","title":{"rendered":"Pietre e vernice a locali con nessi con AfD"},"content":{"rendered":"<p><strong><a href=\"https:\/\/chronik.noblogs.org\/files\/2017\/03\/206729.jpg\"><img loading=\"lazy\" decoding=\"async\" class=\"alignright size-medium wp-image-5829\" src=\"https:\/\/chronik.noblogs.org\/files\/2017\/03\/206729-300x225.jpg\" alt=\"206729\" height=\"225\" width=\"300\" srcset=\"https:\/\/chronik.noblogs.org\/files\/2017\/03\/206729-300x225.jpg 300w, https:\/\/chronik.noblogs.org\/files\/2017\/03\/206729-768x576.jpg 768w, https:\/\/chronik.noblogs.org\/files\/2017\/03\/206729-1024x768.jpg 1024w, https:\/\/chronik.noblogs.org\/files\/2017\/03\/206729.jpg 1440w\" sizes=\"auto, (max-width: 300px) 100vw, 300px\" \/><\/a>Oberhausen<\/strong>, 14 marzo 2017<\/p>\n<blockquote><p>Nella notte dal 13 al 14\/03\/2017, attaccati con pietre e vernice due locali diversi connessi alla AfD.<br \/>\n(\u2026) Uno serve ormai da pi\u00f9 di due anni a serate info e conferenze e la proprietaria fu informata gi\u00e0 met\u00e0 dell&#8217;anno passato di questi intrighi di destra.<br \/>\n<!--more--><br \/>\nVisto che n\u00e9 nella stampa locale n\u00e9 su Indymedia si riusciva a scoprire reazioni della gestrice e che AfD evidentemente pu\u00f2 ancora incontrarsi nel locale, ci vedevamo in dovere di farle visita e di lasciarle un indicazione pi\u00f9 seria.<br \/>\n(\u2026) Per la diffusione dei contenuti razzisti le teste organizzative sono altrettanto importanti quanto lo sono i luoghi di riunione. Ecco perch\u00e9 l&#8217;attacco ad un altro ancora di questi luoghi.<br \/>\n(\u2026)<br \/>\nAntifa rimane lavoro manuale<\/p><\/blockquote>\n<p><strong>Fonte<\/strong>: <a href=\"https:\/\/linksunten.indymedia.org\/de\/node\/206728\">Linksunten, trad mc<\/a><\/p>\n","protected":false},"excerpt":{"rendered":"<p>Oberhausen, 14 marzo 2017 Nella notte dal 13 al 14\/03\/2017, attaccati con pietre e vernice due locali diversi connessi alla AfD. (\u2026) Uno serve ormai da pi\u00f9 di due anni a serate info e conferenze e la proprietaria fu informata gi\u00e0 met\u00e0 dell&#8217;anno passato di questi intrighi di destra.<\/p>\n","protected":false},"author":12080,"featured_media":0,"comment_status":"closed","ping_status":"closed","sticky":false,"template":"","format":"standard","meta":{"footnotes":""},"categories":[6],"tags":[155],"class_list":["post-5993","post","type-post","status-publish","format-standard","hentry","category-it","tag-oberhausen"],"_links":{"self":[{"href":"https:\/\/chronik.noblogs.org\/index.php?rest_route=\/wp\/v2\/posts\/5993","targetHints":{"allow":["GET"]}}],"collection":[{"href":"https:\/\/chronik.noblogs.org\/index.php?rest_route=\/wp\/v2\/posts"}],"about":[{"href":"https:\/\/chronik.noblogs.org\/index.php?rest_route=\/wp\/v2\/types\/post"}],"author":[{"embeddable":true,"href":"https:\/\/chronik.noblogs.org\/index.php?rest_route=\/wp\/v2\/users\/12080"}],"replies":[{"embeddable":true,"href":"https:\/\/chronik.noblogs.org\/index.php?rest_route=%2Fwp%2Fv2%2Fcomments&post=5993"}],"version-history":[{"count":0,"href":"https:\/\/chronik.noblogs.org\/index.php?rest_route=\/wp\/v2\/posts\/5993\/revisions"}],"wp:attachment":[{"href":"https:\/\/chronik.noblogs.org\/index.php?rest_route=%2Fwp%2Fv2%2Fmedia&parent=5993"}],"wp:term":[{"taxonomy":"category","embeddable":true,"href":"https:\/\/chronik.noblogs.org\/index.php?rest_route=%2Fwp%2Fv2%2Fcategories&post=5993"},{"taxonomy":"post_tag","embeddable":true,"href":"https:\/\/chronik.noblogs.org\/index.php?rest_route=%2Fwp%2Fv2%2Ftags&post=5993"}],"curies":[{"name":"wp","href":"https:\/\/api.w.org\/{rel}","templated":true}]}}