{"id":5946,"date":"2017-02-28T00:00:52","date_gmt":"2017-02-27T22:00:52","guid":{"rendered":"http:\/\/chronik.blackblogs.org\/?p=5946"},"modified":"2017-02-28T00:00:52","modified_gmt":"2017-02-27T22:00:52","slug":"pietre-a-bettole-di-destra","status":"publish","type":"post","link":"https:\/\/chronik.noblogs.org\/?p=5946","title":{"rendered":"Pietre a bettole di destra"},"content":{"rendered":"<p><strong>Berlino (Berlin)<\/strong>, 28 febbraio 2017<\/p>\n<blockquote><p>Nella notte del 27\/28 febbraio la bettola \u201cSturgis\u201d in via Margaretenstra\u00dfe 21 a Berlino-Lichtenberg e il ristorante \u201czum nudelholz\u201d in via Falkenberger Stra\u00dfe 37a a Berlino Weissensee ebbe visita antifascista. A Lichtenberg andarono in frantumi le tapparelle e le finestre e la facciata fu cosparsa di vernice. Anche a Weissensee l&#8217;oste deve farsi delle finestre nuove.<br \/>\n<!--more--><br \/>\nSturgis<br \/>\nDa anni punto d&#8217;incontro dell&#8217;ambito nazi organizzato di Berlino. Gi\u00e0 ai tempi della \u201cKameradschaft Spreewacht\u201d la birreria era un importante punto di incontro ambito sub-culturale nazi. Con Heiko Weber come gestore e Mandie Varschen (allora proprietaria del dominio web \u201cks spreewacht\u201d), la bettola diventava domicilio di fine settimana anzitutto per la band \u201cLegion of Thor\u201d attorno a David Ferrenz e Heiko Hagen. Anche Peter Brammann e la sua banda \u201cDeutsch Stolz Treue\u201d spuntarono spesso nel \u201cSturgis\u201d. Emerge anzitutto la relazione con i rocker neonazi \u201cVandalen\u201d attorno a Michael \u201cLunikoff\u201d Regener. Il cui compagno di lotta, il \u201cvandalo\u201d Matthias \u201cWicki\u201d Gohlke avrebbe lavorato temporaneamente nello \u201cSturgis\u201d. Una foto di lui e \u201cLawi\u201d Hlawanka, collaboratore di \u201cErik &amp; sons\u201d, era commentato con: \u201cche bello Sturgas con Vicky\u201d.<\/p>\n<p>Lo \u201cSturgis\u201d \u00e8 fino ad oggi, probabilmente, l&#8217;unico locale nazi che non solo \u00e8 frequentato regolarmente dall&#8217;ambito e che da questo \u00e8 considerato la \u201cloro\u201d bettola, ma che a Berlino \u00e8 durato tanto. Il locale \u00e8 apprezzato anche fuori Berlino. Cos\u00ec la band italiana \u201cKatastrof\u201d posa con delle magliette \u201cSturgis\u201d. Non sorprende, visto che la band \u00e8 in stretta amicizia con l&#8217;ex cantante dei \u201cLandser\u201d Michael Regener.<\/p>\n<p>Anche a Mecklenburgo-Vorpommern, pi\u00f9 precisamente ad Anklam, si pu\u00f2 notare una vicinanza con la bettola. Jens Semrock, neonazi e copritetto, vi beveva volentieri la birra dopolavoro con colleghi di lavoro come \u201cMarci\u201d, il \u201cvandalo\u201d e il cantante della rock band di destra \u201cT\u00e4tervolk\u201d di Berlino. Cos\u00ec i t-shirt saranno arrivati a Anklam per simpatia, dove sono stati esibiti con orgoglio.<\/p>\n<p>Nudelholz<br \/>\n\u00c8 invece un luogo per le iniziative dei populisti di destra AfD.<br \/>\nAfD Pankow vi celebra regolarmente serate info, tavoli rotondi e giorni di partito. Al gestore Steffen Ulm non sar\u00e0 interessante solo dal punto di vista finanziario ma corrisponde anche perfettamente alla sua linea politica, poich\u00e9 nel 2010 era membro fondatore di un&#8217;iniziativa cittadina contro profughx.<\/p>\n<p>O neonazi simil-rockettari come i \u201cVandalen\u201d, o neonazi in doppiopetto: disprezzo dell&#8217;umanit\u00e0, razzismo e fomentare il razzismo ha tuttora delle conseguenze.<\/p>\n<p>Incitiamo tuttx a rispondere agli attacchi nazi e all&#8217;attacco della loro infrastruttura! \u00c8 ancora pi\u00f9 urgente proprio adesso, dove un ben noto circuito di anti-Antifa\/nw Berlin Aktivisten compie degli attacchi contro persone di sinistra!<\/p>\n<p>A volte aiutano le campanelle (e le finestre rotte)<\/p><\/blockquote>\n<p><strong>Fonte<\/strong>: <a href=\"https:\/\/linksunten.indymedia.org\/de\/node\/205240\">Linksunten, mc<\/a><\/p>\n","protected":false},"excerpt":{"rendered":"<p>Berlino (Berlin), 28 febbraio 2017 Nella notte del 27\/28 febbraio la bettola \u201cSturgis\u201d in via Margaretenstra\u00dfe 21 a Berlino-Lichtenberg e il ristorante \u201czum nudelholz\u201d in via Falkenberger Stra\u00dfe 37a a Berlino Weissensee ebbe visita antifascista. A Lichtenberg andarono in frantumi le tapparelle e le finestre e la facciata fu cosparsa di vernice. Anche a Weissensee [&hellip;]<\/p>\n","protected":false},"author":12080,"featured_media":0,"comment_status":"closed","ping_status":"closed","sticky":false,"template":"","format":"standard","meta":{"footnotes":""},"categories":[6],"tags":[24],"class_list":["post-5946","post","type-post","status-publish","format-standard","hentry","category-it","tag-berlin"],"_links":{"self":[{"href":"https:\/\/chronik.noblogs.org\/index.php?rest_route=\/wp\/v2\/posts\/5946","targetHints":{"allow":["GET"]}}],"collection":[{"href":"https:\/\/chronik.noblogs.org\/index.php?rest_route=\/wp\/v2\/posts"}],"about":[{"href":"https:\/\/chronik.noblogs.org\/index.php?rest_route=\/wp\/v2\/types\/post"}],"author":[{"embeddable":true,"href":"https:\/\/chronik.noblogs.org\/index.php?rest_route=\/wp\/v2\/users\/12080"}],"replies":[{"embeddable":true,"href":"https:\/\/chronik.noblogs.org\/index.php?rest_route=%2Fwp%2Fv2%2Fcomments&post=5946"}],"version-history":[{"count":0,"href":"https:\/\/chronik.noblogs.org\/index.php?rest_route=\/wp\/v2\/posts\/5946\/revisions"}],"wp:attachment":[{"href":"https:\/\/chronik.noblogs.org\/index.php?rest_route=%2Fwp%2Fv2%2Fmedia&parent=5946"}],"wp:term":[{"taxonomy":"category","embeddable":true,"href":"https:\/\/chronik.noblogs.org\/index.php?rest_route=%2Fwp%2Fv2%2Fcategories&post=5946"},{"taxonomy":"post_tag","embeddable":true,"href":"https:\/\/chronik.noblogs.org\/index.php?rest_route=%2Fwp%2Fv2%2Ftags&post=5946"}],"curies":[{"name":"wp","href":"https:\/\/api.w.org\/{rel}","templated":true}]}}